{"id":149527,"date":"2025-11-12T17:04:21","date_gmt":"2025-11-12T17:04:21","guid":{"rendered":"https:\/\/www.europesays.com\/pt\/149527\/"},"modified":"2025-11-12T17:04:21","modified_gmt":"2025-11-12T17:04:21","slug":"homem-esfaqueado-durante-assalto-na-praca-martim-moniz-em-lisboa","status":"publish","type":"post","link":"https:\/\/www.europesays.com\/pt\/149527\/","title":{"rendered":"Homem esfaqueado durante assalto na pra\u00e7a Martim Moniz, em Lisboa"},"content":{"rendered":"<p>\t                 V\u00edtima foi transportada para o Hospital de S\u00e3o Jos\u00e9, onde recebeu tratamento<\/p>\n<p>Um homem foi assaltado e ferido com uma arma branca na Pra\u00e7a Martim Moniz, em Lisboa, na madrugada desta quarta-feira.<\/p>\n<p>A TVI e CNN Portugal sabem que o crime ocorreu por volta das 00:40 e envolveu tr\u00eas indiv\u00edduos, de nacionalidade marroquina, que, sob amea\u00e7a de uma faca, roubaram um colar de ouro \u00e0 v\u00edtima.<\/p>\n<p>Durante o assalto, a v\u00edtima foi atingida com um golpe no bra\u00e7o, sofrendo ferimentos ligeiros. O homem foi transportado para o Hospital de S\u00e3o Jos\u00e9, onde recebeu tratamento.<\/p>\n<p>Os suspeitos colocaram-se em fuga para parte incerta.\u00a0<\/p>\n<p>As autoridades est\u00e3o a investigar o crime.<\/p>\n","protected":false},"excerpt":{"rendered":"V\u00edtima foi transportada para o Hospital de S\u00e3o Jos\u00e9, onde recebeu tratamento Um homem foi assaltado e ferido&hellip;\n","protected":false},"author":2,"featured_media":149528,"comment_status":"","ping_status":"","sticky":false,"template":"","format":"standard","meta":{"footnotes":""},"categories":[10],"tags":[609,836,611,2446,27,28,607,608,333,832,604,135,610,476,17889,15,16,301,830,14,603,25,26,797,570,21,22,831,833,24786,62,834,12,13,19,20,835,602,52,32,23,24,33,17,18,29,30,31],"class_list":{"0":"post-149527","1":"post","2":"type-post","3":"status-publish","4":"format-standard","5":"has-post-thumbnail","7":"category-portugal","8":"tag-alerta","9":"tag-analise","10":"tag-ao-minuto","11":"tag-assalto","12":"tag-breaking-news","13":"tag-breakingnews","14":"tag-cnn","15":"tag-cnn-portugal","16":"tag-comentadores","17":"tag-costa","18":"tag-crime","19":"tag-desporto","20":"tag-direto","21":"tag-economia","22":"tag-esfaqueamento","23":"tag-featured-news","24":"tag-featurednews","25":"tag-governo","26":"tag-guerra","27":"tag-headlines","28":"tag-justica","29":"tag-latest-news","30":"tag-latestnews","31":"tag-lisboa","32":"tag-live","33":"tag-main-news","34":"tag-mainnews","35":"tag-mais-vistas","36":"tag-marcelo","37":"tag-martim-moniz","38":"tag-mundo","39":"tag-negocios","40":"tag-news","41":"tag-noticias","42":"tag-noticias-principais","43":"tag-noticiasprincipais","44":"tag-opiniao","45":"tag-pais","46":"tag-politica","47":"tag-portugal","48":"tag-principais-noticias","49":"tag-principaisnoticias","50":"tag-pt","51":"tag-top-stories","52":"tag-topstories","53":"tag-ultimas","54":"tag-ultimas-noticias","55":"tag-ultimasnoticias"},"share_on_mastodon":{"url":"","error":"Validation failed: Text character limit of 500 exceeded"},"_links":{"self":[{"href":"https:\/\/www.europesays.com\/pt\/wp-json\/wp\/v2\/posts\/149527","targetHints":{"allow":["GET"]}}],"collection":[{"href":"https:\/\/www.europesays.com\/pt\/wp-json\/wp\/v2\/posts"}],"about":[{"href":"https:\/\/www.europesays.com\/pt\/wp-json\/wp\/v2\/types\/post"}],"author":[{"embeddable":true,"href":"https:\/\/www.europesays.com\/pt\/wp-json\/wp\/v2\/users\/2"}],"replies":[{"embeddable":true,"href":"https:\/\/www.europesays.com\/pt\/wp-json\/wp\/v2\/comments?post=149527"}],"version-history":[{"count":0,"href":"https:\/\/www.europesays.com\/pt\/wp-json\/wp\/v2\/posts\/149527\/revisions"}],"wp:featuredmedia":[{"embeddable":true,"href":"https:\/\/www.europesays.com\/pt\/wp-json\/wp\/v2\/media\/149528"}],"wp:attachment":[{"href":"https:\/\/www.europesays.com\/pt\/wp-json\/wp\/v2\/media?parent=149527"}],"wp:term":[{"taxonomy":"category","embeddable":true,"href":"https:\/\/www.europesays.com\/pt\/wp-json\/wp\/v2\/categories?post=149527"},{"taxonomy":"post_tag","embeddable":true,"href":"https:\/\/www.europesays.com\/pt\/wp-json\/wp\/v2\/tags?post=149527"}],"curies":[{"name":"wp","href":"https:\/\/api.w.org\/{rel}","templated":true}]}}