{"id":149535,"date":"2025-11-12T17:11:09","date_gmt":"2025-11-12T17:11:09","guid":{"rendered":"https:\/\/www.europesays.com\/pt\/149535\/"},"modified":"2025-11-12T17:11:09","modified_gmt":"2025-11-12T17:11:09","slug":"netflix-anuncia-novo-filme-com-idris-elba","status":"publish","type":"post","link":"https:\/\/www.europesays.com\/pt\/149535\/","title":{"rendered":"Netflix anuncia novo filme com Idris Elba"},"content":{"rendered":"<p>A\u00a0<strong>Netflix\u00a0<\/strong>acaba de anunciar que\u00a0<strong>Idris Elba\u00a0<\/strong>voltar\u00e1 a interpretar John Luther, agora no filme\u00a0<strong>Luther<\/strong>,\u00a0derivado da s\u00e9rie de sucesso.\u00a0<\/p>\n<p>\u201cLuther, Alice e Schenk s\u00e3o mais do que personagens para mim \u2014 s\u00e3o fam\u00edlia\u201d, diz <strong>Neil Cross<\/strong>, criador da s\u00e9rie. \u201cNunca deixo de me perguntar onde eles est\u00e3o, o que aconteceu com eles\u2026 e que horrores podem estar se agitando nas sombras de Londres enquanto Luther est\u00e1 ausente. Ent\u00e3o, decidimos nos reunir e descobrir o que acontece a seguir\u201d.<\/p>\n<p>            Continua depois da Publicidade<\/p>\n<p>Leia a sinopse oficial: &#8220;Quando uma onda de assassinatos brutais e aparentemente aleat\u00f3rios atinge Londres, Luther \u00e9 secretamente chamado de volta ao servi\u00e7o. Mas como ele pode salvar Londres quando todos, de todos os lados, parecem querer v\u00ea-lo morto?&#8221;<\/p>\n<p>A sequ\u00eancia de <strong>Luther: O Cair da Noite<\/strong>, de 2023, tamb\u00e9m contar\u00e1 com o retorno do diretor<strong> Jamie Payne <\/strong>e de Cross como roteirista. Segundo a Netflix, o pr\u00f3ximo cap\u00edtulo do universo Luther explorar\u00e1 uma s\u00e9rie de assassinatos que s\u00f3 pode ser solucionada pelo detetive de Idris Elba. <\/p>\n<p>\u00a0<\/p>\n<p>    O diretor comentou sobre o projeto: &#8220;Neil mais uma vez criou uma hist\u00f3ria maravilhosamente sombria para nos reunir novamente. \u00c9 uma verdadeira alegria estar de volta \u00e0s ruas de Lutherland com os talentos supremos que s\u00e3o Idris Elba e Dermot Crowley. Tamb\u00e9m estou entusiasmado por reencontrar a brilhante e perigosa Alice Morgan, interpretada pela extraordinariamente talentosa Ruth Wilson. F\u00e3s novos e antigos v\u00e3o adorar!&#8221;<\/p>\n<p>\u00a0<\/p>\n<p>Por ora, o novo filme n\u00e3o tem data para estrear. Fique ligado no\u00a0<strong>Omelete\u00a0<\/strong>para mais novidades!<\/p>\n<p>\u00a0<\/p>\n<p>\u00a0<\/p>\n<p>            Continua depois da Publicidade<\/p>\n","protected":false},"excerpt":{"rendered":"A\u00a0Netflix\u00a0acaba de anunciar que\u00a0Idris Elba\u00a0voltar\u00e1 a interpretar John Luther, agora no filme\u00a0Luther,\u00a0derivado da s\u00e9rie de sucesso.\u00a0 \u201cLuther, Alice&hellip;\n","protected":false},"author":2,"featured_media":149536,"comment_status":"","ping_status":"","sticky":false,"template":"","format":"standard","meta":{"footnotes":""},"categories":[140],"tags":[114,115,147,148,146,32,33],"class_list":{"0":"post-149535","1":"post","2":"type-post","3":"status-publish","4":"format-standard","5":"has-post-thumbnail","7":"category-filmes","8":"tag-entertainment","9":"tag-entretenimento","10":"tag-film","11":"tag-filmes","12":"tag-movies","13":"tag-portugal","14":"tag-pt"},"share_on_mastodon":{"url":"https:\/\/pubeurope.com\/@pt\/115537843931631529","error":""},"_links":{"self":[{"href":"https:\/\/www.europesays.com\/pt\/wp-json\/wp\/v2\/posts\/149535","targetHints":{"allow":["GET"]}}],"collection":[{"href":"https:\/\/www.europesays.com\/pt\/wp-json\/wp\/v2\/posts"}],"about":[{"href":"https:\/\/www.europesays.com\/pt\/wp-json\/wp\/v2\/types\/post"}],"author":[{"embeddable":true,"href":"https:\/\/www.europesays.com\/pt\/wp-json\/wp\/v2\/users\/2"}],"replies":[{"embeddable":true,"href":"https:\/\/www.europesays.com\/pt\/wp-json\/wp\/v2\/comments?post=149535"}],"version-history":[{"count":0,"href":"https:\/\/www.europesays.com\/pt\/wp-json\/wp\/v2\/posts\/149535\/revisions"}],"wp:featuredmedia":[{"embeddable":true,"href":"https:\/\/www.europesays.com\/pt\/wp-json\/wp\/v2\/media\/149536"}],"wp:attachment":[{"href":"https:\/\/www.europesays.com\/pt\/wp-json\/wp\/v2\/media?parent=149535"}],"wp:term":[{"taxonomy":"category","embeddable":true,"href":"https:\/\/www.europesays.com\/pt\/wp-json\/wp\/v2\/categories?post=149535"},{"taxonomy":"post_tag","embeddable":true,"href":"https:\/\/www.europesays.com\/pt\/wp-json\/wp\/v2\/tags?post=149535"}],"curies":[{"name":"wp","href":"https:\/\/api.w.org\/{rel}","templated":true}]}}