{"id":149561,"date":"2025-11-12T17:31:32","date_gmt":"2025-11-12T17:31:32","guid":{"rendered":"https:\/\/www.europesays.com\/pt\/149561\/"},"modified":"2025-11-12T17:31:32","modified_gmt":"2025-11-12T17:31:32","slug":"os-numeros-do-euromilhoes-que-valem-108-milhoes-de-euros-jornal-de-noticias","status":"publish","type":"post","link":"https:\/\/www.europesays.com\/pt\/149561\/","title":{"rendered":"Os n\u00fameros do Euromilh\u00f5es que valem 108 milh\u00f5es de euros &#8211; Jornal de Not\u00edcias"},"content":{"rendered":"<ol>\n<li><a href=\"https:\/\/news.google.com\/rss\/articles\/CBMioAFBVV95cUxNMEhWa0hNZHQ0NGpMUjZ5ck9oUlBiRmI3S3FQVF9SbHpNQnJkSkNOcFRINmgyX3RqUHdKbVlfTkw4R0x2cFdZQzZGRlRoNVhEREFiOHh4djZvS0t3c19uaThrMjJFS1dRZG9SLV9KVHBrX09UWnJuZDB0dkFaZ2hpTWhzeG9aWmhMZmZqcGU0VjRjN0xwMWh4OG5YYmtTUk9D0gGQAUFVX3lxTFBUVzcwRTl6U0dqQ1hFcEpnSGNpN1F5dUtOREpsUjI0T1IwTmFpaXBmazFMSnJCNjJSdzNpOTNPcU04NjRWTDRLNGZxdVRQM3cxOUQtNjVpMzBzZnFJbnVGSWpsRXhfdDh6X2NCRDM2T3NmX2lUTW5LMVltOWpvU201aEVmOS1WczhvTHc5MHJESA?oc=5\" target=\"_blank\" rel=\"nofollow noopener\">Os n\u00fameros do Euromilh\u00f5es que valem 108 milh\u00f5es de euros<\/a>&nbsp;&nbsp;Jornal de Not\u00edcias<\/li>\n<li><a href=\"https:\/\/news.google.com\/rss\/articles\/CBMioAFBVV95cUxQQ0tKZEJUcUQtdkxzb0VaOFo1cklVLTFSRzY3bHpxOXNEZFRzbHRZaFdVSzZMdHdvTzVRS2ttcnl1THNja29fZUNHNHhsdjJHdW0xVS0wX3dwUXdDMXBsanJkSjRHaHMydU5VbGJtWnZ1SUx5NTJOV1Nlb3k5WlF4alFlYkJGU1VzNXhJVE44c0FXU0Y4Y0FlcjNXRUZlU3Zp?oc=5\" target=\"_blank\" rel=\"nofollow noopener\">Euromilh\u00f5es: jackpot de 123 milh\u00f5es na sexta-feira<\/a>&nbsp;&nbsp;A Bola<\/li>\n<li><a href=\"https:\/\/news.google.com\/rss\/articles\/CBMitgFBVV95cUxNak9yaHlNSm03WUlJdTV3X1cyeUM0WjZxN3A1WE9YUEQxa0pqa1pINEJ1ZDlGYmF5Rm9aNkl4ZUZZOWlGYXBCVlk5bnc0dFdOd3N0czRqb0wtbVNha2tGUUt2SUUwY243d3pjWjRWV1ZSWFNFOWxzT25zMVR1eHFZOFJ5T0NCRkxmaHBCdWduYzdJd29ubDNiaDJmTzJDOEFMQms4Q0t3cjJsMzlRTFpDR1FjcEQtZw?oc=5\" target=\"_blank\" rel=\"nofollow noopener\">108 milh\u00f5es de euros para celebrar S\u00e3o Martinho com castanhas e vinho<\/a>&nbsp;&nbsp;www.jm-madeira.pt<\/li>\n<li><a href=\"https:\/\/news.google.com\/rss\/articles\/CBMie0FVX3lxTE5vSHVoX2g0a3l5MWFmSm95WFJXSk5VYXBjbWhKS0hNMzIyQVhsM2dWdDdpbmNYZ3ZmbTdES2lReWp1VUZkSVZGZGZSTkxldkUybmZJWnExTzhabDZtYjRUaXVvUXVKUGY1LUtZVE1ONzBYcC13REZjUXN3QQ?oc=5\" target=\"_blank\" rel=\"nofollow noopener\">N\u00fameros do Euromilh\u00f5es 11 de novembro de 2025<\/a>&nbsp;&nbsp;Jornal de Mafra<\/li>\n<li><a href=\"https:\/\/news.google.com\/rss\/articles\/CBMikgFBVV95cUxQTG5GTXMyS2wxVGhzWXBpS0h6d2V5c0FBVzFyNkw3SVJYR0VCNkV0cFFxUjh4b0NVN2ZLOG9QMEF2RVhfNTNBLTcwTldDdGhUTDQ4Ukc0Y3BFVEV4SU5rekJfT2FVdUY1WW1uRUt5ZWVObjNNTUlWTTQwSTRPVkJrT25CMmp4QWZvM3JKZ282NlJ5Z9IBlwFBVV95cUxQT1Z3RUItYm5qcTJ1ZjA1TmFiQU5qUkh6Q1AxVHM2RlQxM05OWUtiN0dtd0NQQWRTb0RySTJNaFRLY1lSOTdBWHVLanByZHdpSXViYTh5WU85ODdNRUFfYkx6SldOV255ZU9xc0FBdkMtX09HTlVpZ0FqLXBPdks2MWdXdnR3dVlBNTlyNl9Qa3dIVVBqS2Vr?oc=5\" target=\"_blank\" rel=\"nofollow noopener\">Euromilh\u00f5es: veja a chave desta ter\u00e7a-feira<\/a>&nbsp;&nbsp;Renascen\u00e7a<\/li>\n<\/ol>\n","protected":false},"excerpt":{"rendered":"Os n\u00fameros do Euromilh\u00f5es que valem 108 milh\u00f5es de euros&nbsp;&nbsp;Jornal de Not\u00edcias Euromilh\u00f5es: jackpot de 123 milh\u00f5es na&hellip;\n","protected":false},"author":2,"featured_media":149562,"comment_status":"","ping_status":"","sticky":false,"template":"","format":"standard","meta":{"footnotes":""},"categories":[83],"tags":[88,89,90,11616,11034,619,32,33,6114],"class_list":{"0":"post-149561","1":"post","2":"type-post","3":"status-publish","4":"format-standard","5":"has-post-thumbnail","7":"category-empresas","8":"tag-business","9":"tag-economy","10":"tag-empresas","11":"tag-euromilhoes","12":"tag-jackpot","13":"tag-nacional","14":"tag-portugal","15":"tag-pt","16":"tag-sorteio"},"share_on_mastodon":{"url":"https:\/\/pubeurope.com\/@pt\/115537922250930041","error":""},"_links":{"self":[{"href":"https:\/\/www.europesays.com\/pt\/wp-json\/wp\/v2\/posts\/149561","targetHints":{"allow":["GET"]}}],"collection":[{"href":"https:\/\/www.europesays.com\/pt\/wp-json\/wp\/v2\/posts"}],"about":[{"href":"https:\/\/www.europesays.com\/pt\/wp-json\/wp\/v2\/types\/post"}],"author":[{"embeddable":true,"href":"https:\/\/www.europesays.com\/pt\/wp-json\/wp\/v2\/users\/2"}],"replies":[{"embeddable":true,"href":"https:\/\/www.europesays.com\/pt\/wp-json\/wp\/v2\/comments?post=149561"}],"version-history":[{"count":0,"href":"https:\/\/www.europesays.com\/pt\/wp-json\/wp\/v2\/posts\/149561\/revisions"}],"wp:featuredmedia":[{"embeddable":true,"href":"https:\/\/www.europesays.com\/pt\/wp-json\/wp\/v2\/media\/149562"}],"wp:attachment":[{"href":"https:\/\/www.europesays.com\/pt\/wp-json\/wp\/v2\/media?parent=149561"}],"wp:term":[{"taxonomy":"category","embeddable":true,"href":"https:\/\/www.europesays.com\/pt\/wp-json\/wp\/v2\/categories?post=149561"},{"taxonomy":"post_tag","embeddable":true,"href":"https:\/\/www.europesays.com\/pt\/wp-json\/wp\/v2\/tags?post=149561"}],"curies":[{"name":"wp","href":"https:\/\/api.w.org\/{rel}","templated":true}]}}