{"id":149569,"date":"2025-11-12T17:36:11","date_gmt":"2025-11-12T17:36:11","guid":{"rendered":"https:\/\/www.europesays.com\/pt\/149569\/"},"modified":"2025-11-12T17:36:11","modified_gmt":"2025-11-12T17:36:11","slug":"voluntario-tenta-limpar-obra-de-arte-e-destroi-parte-da-exposicao","status":"publish","type":"post","link":"https:\/\/www.europesays.com\/pt\/149569\/","title":{"rendered":"Volunt\u00e1rio tenta \u201climpar\u201d obra de arte e destr\u00f3i parte da exposi\u00e7\u00e3o"},"content":{"rendered":"<p><img alt=\"Reprodu\u00e7\u00e3o\/G1\" loading=\"eager\" decoding=\"async\" data-nimg=\"fill\" class=\"object-contain\" style=\"position:absolute;height:100%;width:100%;left:0;top:0;right:0;bottom:0;color:transparent\"   src=\"https:\/\/www.europesays.com\/pt\/wp-content\/uploads\/2025\/11\/5529807_123fe000fe41970.avif\"\/><\/p>\n<p>A obra fazia parte da mostra contempor\u00e2nea \u201cWe Are Me\u201d, em exibi\u00e7\u00e3o no Museu de Keelung, em Taiwan.Reprodu\u00e7\u00e3o\/G1<\/p>\n<p>Um volunt\u00e1rio do <strong>Museu de Arte de Keelung<\/strong>, em Taiwan, protagonizou uma gafe que virou not\u00edcia mundial. Durante a mostra We Are Me, ele tentou \u201cdar uma ajudinha\u201d limpando um espelho em exibi\u00e7\u00e3o, o problema \u00e9 que aquilo fazia parte da obra de arte.<\/p>\n<p>O artista <strong>Chen Sung-chih<\/strong> havia deixado propositalmente cerca de <strong>40 anos de poeira<\/strong> acumulada na pe\u00e7a, simbolizando o passar do tempo. Ao tentar remover o que achava ser sujeira, o volunt\u00e1rio acabou danificando a instala\u00e7\u00e3o. Funcion\u00e1rios do museu perceberam a confus\u00e3o a tempo de impedir danos maiores, mas a obra precisar\u00e1 passar por restaura\u00e7\u00e3o.<\/p>\n<p>O Departamento de Cultura e Turismo da cidade pediu desculpas p\u00fablicas e iniciou um processo com a seguradora sobre uma poss\u00edvel compensa\u00e7\u00e3o. Moral da hist\u00f3ria: em museu, \u00e0s vezes a poeira \u00e9 arte e o espanador \u00e9 o vil\u00e3o.<\/p>\n<p><a href=\"https:\/\/atl.clicrbs.com.br\/autores\/natalie-oliveira\/683a0057bff9539f052851fa\" rel=\"nofollow noopener\" target=\"_blank\"><img alt=\"Natalie Oliveira\" loading=\"lazy\" width=\"55\" height=\"55\" decoding=\"async\" data-nimg=\"1\" class=\"mb-auto mr-1 mt-0 block h-12 w-12 rounded-full object-cover\" style=\"color:transparent\"  src=\"https:\/\/www.europesays.com\/pt\/wp-content\/uploads\/2025\/11\/58212385.jpg\"\/><\/a><\/p>\n","protected":false},"excerpt":{"rendered":"A obra fazia parte da mostra contempor\u00e2nea \u201cWe Are Me\u201d, em exibi\u00e7\u00e3o no Museu de Keelung, em Taiwan.Reprodu\u00e7\u00e3o\/G1&hellip;\n","protected":false},"author":2,"featured_media":149570,"comment_status":"","ping_status":"","sticky":false,"template":"","format":"standard","meta":{"footnotes":""},"categories":[144],"tags":[207,205,206,203,201,202,204,114,115,32,33],"class_list":{"0":"post-149569","1":"post","2":"type-post","3":"status-publish","4":"format-standard","5":"has-post-thumbnail","7":"category-arte-e-design","8":"tag-arte","9":"tag-arte-e-design","10":"tag-artedesign","11":"tag-arts","12":"tag-arts-and-design","13":"tag-artsanddesign","14":"tag-design","15":"tag-entertainment","16":"tag-entretenimento","17":"tag-portugal","18":"tag-pt"},"share_on_mastodon":{"url":"https:\/\/pubeurope.com\/@pt\/115537942017929362","error":""},"_links":{"self":[{"href":"https:\/\/www.europesays.com\/pt\/wp-json\/wp\/v2\/posts\/149569","targetHints":{"allow":["GET"]}}],"collection":[{"href":"https:\/\/www.europesays.com\/pt\/wp-json\/wp\/v2\/posts"}],"about":[{"href":"https:\/\/www.europesays.com\/pt\/wp-json\/wp\/v2\/types\/post"}],"author":[{"embeddable":true,"href":"https:\/\/www.europesays.com\/pt\/wp-json\/wp\/v2\/users\/2"}],"replies":[{"embeddable":true,"href":"https:\/\/www.europesays.com\/pt\/wp-json\/wp\/v2\/comments?post=149569"}],"version-history":[{"count":0,"href":"https:\/\/www.europesays.com\/pt\/wp-json\/wp\/v2\/posts\/149569\/revisions"}],"wp:featuredmedia":[{"embeddable":true,"href":"https:\/\/www.europesays.com\/pt\/wp-json\/wp\/v2\/media\/149570"}],"wp:attachment":[{"href":"https:\/\/www.europesays.com\/pt\/wp-json\/wp\/v2\/media?parent=149569"}],"wp:term":[{"taxonomy":"category","embeddable":true,"href":"https:\/\/www.europesays.com\/pt\/wp-json\/wp\/v2\/categories?post=149569"},{"taxonomy":"post_tag","embeddable":true,"href":"https:\/\/www.europesays.com\/pt\/wp-json\/wp\/v2\/tags?post=149569"}],"curies":[{"name":"wp","href":"https:\/\/api.w.org\/{rel}","templated":true}]}}