{"id":149613,"date":"2025-11-12T18:20:12","date_gmt":"2025-11-12T18:20:12","guid":{"rendered":"https:\/\/www.europesays.com\/pt\/149613\/"},"modified":"2025-11-12T18:20:12","modified_gmt":"2025-11-12T18:20:12","slug":"primeiro-teaser-do-filme-e-lancado","status":"publish","type":"post","link":"https:\/\/www.europesays.com\/pt\/149613\/","title":{"rendered":"primeiro teaser do filme \u00e9 lan\u00e7ado"},"content":{"rendered":"<p data-end=\"963\" data-start=\"566\" class=\"bullet mt-0\" data-v-232111b4=\"\"><strong>A Disney anunciou o desenvolvimento da sequ\u00eancia em julho do ano passado, e agora confirma que o filme chega aos cinemas na data citada. <\/strong>A sinopse divulgada em julho revela: &#8220;A carreira de Miranda (Meryl Streep) entra em decl\u00ednio, o que a for\u00e7a a enfrentar Emily (Emily Blunt), agora uma grande executiva em um grupo de luxo, cujos investimentos em publicidade Miranda precisa desesperadamente.&#8221;<\/p>\n<p data-end=\"1226\" data-start=\"965\" class=\"bullet\" data-v-232111b4=\"\"><strong>Baseado no livro hom\u00f4nimo lan\u00e7ado em 2003, O Diabo Veste Prada acompanha Andy (Anne Hathaway), uma jovem rec\u00e9m-formada com grandes sonhos, que come\u00e7a a trabalhar na renomada revista de moda Runway como assistente da exigente Miranda Priestly (Meryl Streep). <\/strong>Com o tempo, Andy come\u00e7a a se sentir desconfort\u00e1vel no ambiente de trabalho intenso e questiona sua capacidade de seguir na fun\u00e7\u00e3o que assumiu.<\/p>\n<p data-end=\"1627\" data-start=\"1375\" class=\"bullet\" data-v-232111b4=\"\"><strong>Dirigido por David Frankel, o filme contar\u00e1 ainda com Emily Blunt, Stanley Tucci, Adrian Grenier, Tracie Thoms e Rich Sommer. <\/strong>Com or\u00e7amento de US$ 35 milh\u00f5es, o primeiro longa foi um sucesso absoluto, arrecadando mais de US$ 326 milh\u00f5es mundialmente.<\/p>\n<p><img decoding=\"async\" src=\"https:\/\/www.europesays.com\/pt\/wp-content\/uploads\/2025\/11\/1762971612_470_sddefault.jpg\" alt=\"\"\/><\/p>\n","protected":false},"excerpt":{"rendered":"A Disney anunciou o desenvolvimento da sequ\u00eancia em julho do ano passado, e agora confirma que o filme&hellip;\n","protected":false},"author":2,"featured_media":149614,"comment_status":"","ping_status":"","sticky":false,"template":"","format":"standard","meta":{"footnotes":""},"categories":[140],"tags":[114,115,147,148,146,32,33],"class_list":{"0":"post-149613","1":"post","2":"type-post","3":"status-publish","4":"format-standard","5":"has-post-thumbnail","7":"category-filmes","8":"tag-entertainment","9":"tag-entretenimento","10":"tag-film","11":"tag-filmes","12":"tag-movies","13":"tag-portugal","14":"tag-pt"},"share_on_mastodon":{"url":"https:\/\/pubeurope.com\/@pt\/115538115449957088","error":""},"_links":{"self":[{"href":"https:\/\/www.europesays.com\/pt\/wp-json\/wp\/v2\/posts\/149613","targetHints":{"allow":["GET"]}}],"collection":[{"href":"https:\/\/www.europesays.com\/pt\/wp-json\/wp\/v2\/posts"}],"about":[{"href":"https:\/\/www.europesays.com\/pt\/wp-json\/wp\/v2\/types\/post"}],"author":[{"embeddable":true,"href":"https:\/\/www.europesays.com\/pt\/wp-json\/wp\/v2\/users\/2"}],"replies":[{"embeddable":true,"href":"https:\/\/www.europesays.com\/pt\/wp-json\/wp\/v2\/comments?post=149613"}],"version-history":[{"count":0,"href":"https:\/\/www.europesays.com\/pt\/wp-json\/wp\/v2\/posts\/149613\/revisions"}],"wp:featuredmedia":[{"embeddable":true,"href":"https:\/\/www.europesays.com\/pt\/wp-json\/wp\/v2\/media\/149614"}],"wp:attachment":[{"href":"https:\/\/www.europesays.com\/pt\/wp-json\/wp\/v2\/media?parent=149613"}],"wp:term":[{"taxonomy":"category","embeddable":true,"href":"https:\/\/www.europesays.com\/pt\/wp-json\/wp\/v2\/categories?post=149613"},{"taxonomy":"post_tag","embeddable":true,"href":"https:\/\/www.europesays.com\/pt\/wp-json\/wp\/v2\/tags?post=149613"}],"curies":[{"name":"wp","href":"https:\/\/api.w.org\/{rel}","templated":true}]}}