{"id":149617,"date":"2025-11-12T18:23:10","date_gmt":"2025-11-12T18:23:10","guid":{"rendered":"https:\/\/www.europesays.com\/pt\/149617\/"},"modified":"2025-11-12T18:23:10","modified_gmt":"2025-11-12T18:23:10","slug":"comprar-a-vitoria-familia-de-dylan-quebra-o-silencio-e-reage-aos-rumores","status":"publish","type":"post","link":"https:\/\/www.europesays.com\/pt\/149617\/","title":{"rendered":"Comprar a vit\u00f3ria? Fam\u00edlia de Dylan &#8216;quebra o sil\u00eancio&#8217; e reage aos rumores"},"content":{"rendered":"<p>\t\t\t\t\t\t\t\t\t\t\t\t<a href=\"#\" onclick=\"window.open('http:\/\/www.facebook.com\/sharer.php?u=https:\/\/cusquices.com\/comprar-a-vitoria-familia-de-dylan-quebra-o-silencio-e-reage-aos-rumores\/&amp;t=Comprar a vit\u00f3ria? Fam\u00edlia de Dylan \u2018quebra o sil\u00eancio\u2019 e reage aos rumores', 'facebookShare', 'width=626,height=436'); return false;\" title=\"Share on Facebook\"><\/p>\n<p>Share<\/p>\n<p><\/a><br \/>\n\t\t\t\t\t\t\t\t\t\t\t\t<a href=\"#\" onclick=\"window.open('http:\/\/twitter.com\/share?text=Comprar a vit\u00f3ria? Fam\u00edlia de Dylan \u2018quebra o sil\u00eancio\u2019 e reage aos rumores -&amp;url=https:\/\/cusquices.com\/comprar-a-vitoria-familia-de-dylan-quebra-o-silencio-e-reage-aos-rumores\/', 'twitterShare', 'width=626,height=436'); return false;\" title=\"Tweet This Post\"><\/p>\n<p>Tweet<\/p>\n<p><\/a><br \/>\n\t\t\t\t\t\t\t\t\t\t\t\t<a href=\"whatsapp:\/\/send?text=Comprar a vit\u00f3ria? Fam\u00edlia de Dylan \u2018quebra o sil\u00eancio\u2019 e reage aos rumores https:\/\/cusquices.com\/comprar-a-vitoria-familia-de-dylan-quebra-o-silencio-e-reage-aos-rumores\/\" rel=\"nofollow\"><\/p>\n<p>Share<\/p>\n<p><\/a><br \/>\n\t\t\t\t\t\t\t\t\t\t\t\t<a href=\"#\" onclick=\"window.open('http:\/\/pinterest.com\/pin\/create\/button\/?url=https:\/\/cusquices.com\/comprar-a-vitoria-familia-de-dylan-quebra-o-silencio-e-reage-aos-rumores\/&amp;media=https:\/\/cusquices.com\/wp-content\/uploads\/2025\/09\/dylan-sstvi-1000x600.jpg&amp;description=Comprar a vit\u00f3ria? Fam\u00edlia de Dylan \u2018quebra o sil\u00eancio\u2019 e reage aos rumores', 'pinterestShare', 'width=750,height=350'); return false;\" title=\"Pin This Post\"><\/p>\n<p>Share<\/p>\n<p><\/a><br \/>\n\t\t\t\t\t\t\t\t\t\t\t\t<a href=\"mailto:?subject=Comprar a vit\u00f3ria? Fam\u00edlia de Dylan \u2018quebra o sil\u00eancio\u2019 e reage aos rumores&amp;BODY=I found this article interesting and thought of sharing it with you. Check it out: https:\/\/cusquices.com\/comprar-a-vitoria-familia-de-dylan-quebra-o-silencio-e-reage-aos-rumores\/\"><\/p>\n<p>Email<\/p>\n<p><\/a><br \/>\n\t\t\t\t\t\t\t\t\t\t\t\t\t\t\t\t\t\t\t\t\t\t\t\t\t\t\t\t\t\t\t\t\t\t\t\t\t\t\t\t\t\t\t\t\t\t\t\t\t\t\t\t\t<a href=\"https:\/\/cusquices.com\/comprar-a-vitoria-familia-de-dylan-quebra-o-silencio-e-reage-aos-rumores\/#respond\" rel=\"nofollow noopener\" target=\"_blank\"><\/p>\n<p>Fam\u00edlia de Dylan emitiu um comunicado ap\u00f3s rumores de quererem comprar a sua vit\u00f3ria no Secret Story.<\/p>\n<p>A revista <strong>TV Guia<\/strong>, que chegou esta quarta-feira, 12 de novembro, \u00e0s bancas, avan\u00e7ou com o rumor de que a fam\u00edlia de <a href=\"https:\/\/cusquices.com\/familia-de-dylan-abre-os-cordoes-a-bolsa-para-garantir-a-sua-vitoria-no-secret-story\/\" rel=\"nofollow noopener\" target=\"_blank\">Dylan est\u00e1 disposta a tudo para garantir a sua vit\u00f3ria<\/a> \u2014 incluindo \u201cabrir os cord\u00f5es \u00e0 bolsa\u201d para o levar at\u00e9 ao primeiro lugar do p\u00f3dio.<\/p>\n<p>A fam\u00edlia do concorrente j\u00e1 reagiu \u00e0s recentes not\u00edcias e emitiu um comunicado onde desmentem as recentes not\u00edcias.<\/p>\n<p><strong>\u201cVindo por parte da fam\u00edlia do Dylan desmentir qualquer not\u00edcia que fale sobre este assunto. Nunca foi falado a nenhum site de not\u00edcias\/ revista algo deste g\u00e9nero como est\u00e1 aqui escrito.( \u201cVamos investir milhares\u201d). Estamos sim a apoiar o Dylan, como qualquer fam\u00edlia apoiaria, mas n\u00e3o como as pessoas acham.\u201d<\/strong>, pode ler-se na publica\u00e7\u00e3o feita no Instagram do concorrente.<\/p>\n<blockquote class=\"instagram-media\" data-instgrm-captioned=\"\" data-instgrm-permalink=\"https:\/\/www.instagram.com\/p\/DQ9SVk4CFHA\/?utm_source=ig_embed&amp;utm_campaign=loading\" data-instgrm-version=\"14\" style=\" background:#FFF; border:0; border-radius:3px; box-shadow:0 0 1px 0 rgba(0,0,0,0.5),0 1px 10px 0 rgba(0,0,0,0.15); margin: 1px; max-width:540px; min-width:326px; padding:0; width:99.375%; width:-webkit-calc(100% - 2px); width:calc(100% - 2px);\"\/>\n<p><strong>Leia tamb\u00e9m:<\/strong><\/p>\n<p>\t\t\t\t\t\t\t\t\t\t\t\t\t\t\t\t\t\t\t\t\t\t\t\t\t<img decoding=\"async\" src=\"https:\/\/www.europesays.com\/pt\/wp-content\/uploads\/2025\/10\/cusquices-logo-52x.png\" class=\"webpexpress-processed\"\/><\/p>\n<p>\t\t\t\t\t\t\t\t\t\t\t\t\t\t\t\t\t\t\t\t\t            \t\t\t\t\t\t\t\t\t\t\t\t\t\t\t\t\t\t\t\t\t\t\t\t\t\t\t\t\t\t\t\t\t\t\t\t\t\t\t<script async src=\"https:\/\/platform.twitter.com\/widgets.js\" charset=\"utf-8\"><\/script><script async src=\"\/\/www.instagram.com\/embed.js\"><\/script><\/p>\n","protected":false},"excerpt":{"rendered":"Share Tweet Share Share Email Fam\u00edlia de Dylan emitiu um comunicado ap\u00f3s rumores de quererem comprar a sua&hellip;\n","protected":false},"author":2,"featured_media":149618,"comment_status":"","ping_status":"","sticky":false,"template":"","format":"standard","meta":{"footnotes":""},"categories":[85],"tags":[2632,49,21040,114,115,32,33],"class_list":{"0":"post-149617","1":"post","2":"type-post","3":"status-publish","4":"format-standard","5":"has-post-thumbnail","7":"category-entretenimento","8":"tag-casa-dos-segredos","9":"tag-destaques","10":"tag-dylan-fonte","11":"tag-entertainment","12":"tag-entretenimento","13":"tag-portugal","14":"tag-pt"},"share_on_mastodon":{"url":"https:\/\/pubeurope.com\/@pt\/115538127003746452","error":""},"_links":{"self":[{"href":"https:\/\/www.europesays.com\/pt\/wp-json\/wp\/v2\/posts\/149617","targetHints":{"allow":["GET"]}}],"collection":[{"href":"https:\/\/www.europesays.com\/pt\/wp-json\/wp\/v2\/posts"}],"about":[{"href":"https:\/\/www.europesays.com\/pt\/wp-json\/wp\/v2\/types\/post"}],"author":[{"embeddable":true,"href":"https:\/\/www.europesays.com\/pt\/wp-json\/wp\/v2\/users\/2"}],"replies":[{"embeddable":true,"href":"https:\/\/www.europesays.com\/pt\/wp-json\/wp\/v2\/comments?post=149617"}],"version-history":[{"count":0,"href":"https:\/\/www.europesays.com\/pt\/wp-json\/wp\/v2\/posts\/149617\/revisions"}],"wp:featuredmedia":[{"embeddable":true,"href":"https:\/\/www.europesays.com\/pt\/wp-json\/wp\/v2\/media\/149618"}],"wp:attachment":[{"href":"https:\/\/www.europesays.com\/pt\/wp-json\/wp\/v2\/media?parent=149617"}],"wp:term":[{"taxonomy":"category","embeddable":true,"href":"https:\/\/www.europesays.com\/pt\/wp-json\/wp\/v2\/categories?post=149617"},{"taxonomy":"post_tag","embeddable":true,"href":"https:\/\/www.europesays.com\/pt\/wp-json\/wp\/v2\/tags?post=149617"}],"curies":[{"name":"wp","href":"https:\/\/api.w.org\/{rel}","templated":true}]}}