{"id":149623,"date":"2025-11-12T18:26:11","date_gmt":"2025-11-12T18:26:11","guid":{"rendered":"https:\/\/www.europesays.com\/pt\/149623\/"},"modified":"2025-11-12T18:26:11","modified_gmt":"2025-11-12T18:26:11","slug":"baixo-salario-em-portugal-deve-se-a-economia-ser-das-menos-avancadas-da-ue","status":"publish","type":"post","link":"https:\/\/www.europesays.com\/pt\/149623\/","title":{"rendered":"Baixo sal\u00e1rio em Portugal deve-se a economia ser das &#8220;menos avan\u00e7adas&#8221; da UE"},"content":{"rendered":"<p>&#13;<br \/>\n&#8220;Isso \u00e9 um fator estrutural da economia portuguesa. A economia portuguesa, infelizmente, sempre foi uma economia menos avan\u00e7ada do que parte substancial das economias da Uni\u00e3o Europeia [UE] e da zona euro, sobretudo das economias do centro e do norte da Europa&#8221;, disse Joaquim Miranda Sarmento.&#13;\n<\/p>\n<p>&#13;<br \/>\n&#8220;N\u00f3s continuamos a ser, no conjunto dos 27, e sobretudo no conjunto dos 20 da zona euro, infelizmente, ainda uma das economias menos avan\u00e7adas, mas isso \u00e9 hist\u00f3rico e estrutural de h\u00e1 muitas d\u00e9cadas&#8221;, refor\u00e7ou Joaquim Miranda Sarmento, falando \u00e0 chegada \u00e0 reuni\u00e3o do Eurogrupo, em Bruxelas.&#13;\n<\/p>\n<p>&#13;<br \/>\nDe acordo com o ministro, existe por\u00e9m um &#8220;crescimento de sal\u00e1rios nominal e real [que] est\u00e1 a acontecer em todas as \u00e1reas de atividade e para praticamente todos os perfis profissionais&#8221;.&#13;\n<\/p>\n<p>&#13;<br \/>\nPortugal tem, assim, &#8220;feito um caminho de converg\u00eancia, quer no crescimento econ\u00f3mico, quer no crescimento dos sal\u00e1rios&#8221; para o tentar contrariar, observou.&#13;\n<\/p>\n<p>&#13;<br \/>\n&#8220;Os sal\u00e1rios est\u00e3o em m\u00e9dia a crescer em termos reais acima de 4% e, portanto, isso significa que as fam\u00edlias, de um modo geral, [&#8230;] est\u00e3o a sentir uma melhoria dos seus rendimentos, dos seus sal\u00e1rios, do seu poder de compra, do seu n\u00edvel de vida, e isso \u00e9 um caminho de converg\u00eancia que o pa\u00eds tem que fazer&#8221;, adiantou Joaquim Miranda Sarmento.&#13;\n<\/p>\n<p>&#13;<br \/>\nO sal\u00e1rio m\u00e9dio anual do trabalhador a tempo inteiro em Portugal foi de 24.818 euros em 2024, abaixo dos 39.800 euros medianos na UE, sendo o d\u00e9cimo pa\u00eds com o valor mais baixo, foi hoje anunciado.&#13;\n<\/p>\n<p>&#13;<br \/>\nDados hoje publicados pelo gabinete estat\u00edstico da UE, o Eurostat, d\u00e3o conta de que, no ano passado, o sal\u00e1rio m\u00e9dio anual ajustado a tempo inteiro dos trabalhadores na UE era de 39.800 euros, o que representa um aumento de 5,2% em rela\u00e7\u00e3o aos 37.800 euros registados em 2023.&#13;\n<\/p>\n<p>&#13;<br \/>\nEm Portugal, este valor foi de 24.818 euros em 2024, o que compara com 23.184 em 2023 e com 21.131 euros em 2022.&#13;\n<\/p>\n<p>&#13;<br \/>\nPortugal \u00e9, assim, o 10.\u00ba pa\u00eds com sal\u00e1rio anual m\u00e9dio mais baixo, superado por pa\u00edses como Bulg\u00e1ria (15.387), Gr\u00e9cia (17.954), Hungria (18.461), Eslov\u00e1quia (20.287), Rom\u00e9nia (21.108), Pol\u00f3nia (21.246), Let\u00f3nia (22.262), Cro\u00e1cia (23.446) e Rep\u00fablica Checa (23.998).&#13;\n<\/p>\n<p>&#13;<br \/>\nNo conjunto dos pa\u00edses da UE, o sal\u00e1rio m\u00e9dio anual ajustado a tempo inteiro mais elevado foi registado no Luxemburgo (83.000 euros), seguido pela Dinamarca (71.600 euros) e pela Irlanda (61.100 euros).&#13;<\/p>\n","protected":false},"excerpt":{"rendered":"&#13; &#8220;Isso \u00e9 um fator estrutural da economia portuguesa. A economia portuguesa, infelizmente, sempre foi uma economia menos&hellip;\n","protected":false},"author":2,"featured_media":149624,"comment_status":"","ping_status":"","sticky":false,"template":"","format":"standard","meta":{"footnotes":""},"categories":[50],"tags":[27,28,32623,32624,15,16,14,9852,25,26,6984,21,22,62,12,13,19,20,23,24,17,18,29,30,31,63,64,65],"class_list":{"0":"post-149623","1":"post","2":"type-post","3":"status-publish","4":"format-standard","5":"has-post-thumbnail","7":"category-mundo","8":"tag-breaking-news","9":"tag-breakingnews","10":"tag-dinaca","11":"tag-eurogrupo","12":"tag-featured-news","13":"tag-featurednews","14":"tag-headlines","15":"tag-irlanda","16":"tag-latest-news","17":"tag-latestnews","18":"tag-luxemburgo","19":"tag-main-news","20":"tag-mainnews","21":"tag-mundo","22":"tag-news","23":"tag-noticias","24":"tag-noticias-principais","25":"tag-noticiasprincipais","26":"tag-principais-noticias","27":"tag-principaisnoticias","28":"tag-top-stories","29":"tag-topstories","30":"tag-ultimas","31":"tag-ultimas-noticias","32":"tag-ultimasnoticias","33":"tag-world","34":"tag-world-news","35":"tag-worldnews"},"share_on_mastodon":{"url":"https:\/\/pubeurope.com\/@pt\/115538138660128709","error":""},"_links":{"self":[{"href":"https:\/\/www.europesays.com\/pt\/wp-json\/wp\/v2\/posts\/149623","targetHints":{"allow":["GET"]}}],"collection":[{"href":"https:\/\/www.europesays.com\/pt\/wp-json\/wp\/v2\/posts"}],"about":[{"href":"https:\/\/www.europesays.com\/pt\/wp-json\/wp\/v2\/types\/post"}],"author":[{"embeddable":true,"href":"https:\/\/www.europesays.com\/pt\/wp-json\/wp\/v2\/users\/2"}],"replies":[{"embeddable":true,"href":"https:\/\/www.europesays.com\/pt\/wp-json\/wp\/v2\/comments?post=149623"}],"version-history":[{"count":0,"href":"https:\/\/www.europesays.com\/pt\/wp-json\/wp\/v2\/posts\/149623\/revisions"}],"wp:featuredmedia":[{"embeddable":true,"href":"https:\/\/www.europesays.com\/pt\/wp-json\/wp\/v2\/media\/149624"}],"wp:attachment":[{"href":"https:\/\/www.europesays.com\/pt\/wp-json\/wp\/v2\/media?parent=149623"}],"wp:term":[{"taxonomy":"category","embeddable":true,"href":"https:\/\/www.europesays.com\/pt\/wp-json\/wp\/v2\/categories?post=149623"},{"taxonomy":"post_tag","embeddable":true,"href":"https:\/\/www.europesays.com\/pt\/wp-json\/wp\/v2\/tags?post=149623"}],"curies":[{"name":"wp","href":"https:\/\/api.w.org\/{rel}","templated":true}]}}