{"id":149625,"date":"2025-11-12T18:27:20","date_gmt":"2025-11-12T18:27:20","guid":{"rendered":"https:\/\/www.europesays.com\/pt\/149625\/"},"modified":"2025-11-12T18:27:20","modified_gmt":"2025-11-12T18:27:20","slug":"gouveia-e-melo-pede-a-marques-mendes-elevacao-da-linguagem-presidenciais-2026","status":"publish","type":"post","link":"https:\/\/www.europesays.com\/pt\/149625\/","title":{"rendered":"Gouveia e Melo pede a Marques Mendes \u201celeva\u00e7\u00e3o da linguagem\u201d | Presidenciais 2026"},"content":{"rendered":"<p>O candidato presidencial Henrique Gouveia e Melo pediu, nesta quarta-feira, que o seu advers\u00e1rio eleitoral Lu\u00eds Marques Mendes eleve a linguagem na forma como o classifica e destacou a sua experi\u00eancia no processo de vacina\u00e7\u00e3o dos portugueses contra a covid-19.<\/p>\n<p>&#8220;A \u00fanica coisa que lhe pedia era um bocadinho mais eleva\u00e7\u00e3o da linguagem com que ele me classifica&#8221;, respondeu o almirante, ao ser questionado sobre as acusa\u00e7\u00f5es de dizer disparates e precipita\u00e7\u00f5es por parte do tamb\u00e9m candidato Marques Mendes.<\/p>\n<p><a href=\"https:\/\/www.publico.pt\/2025\/11\/10\/politica\/noticia\/gouveia-melo-nega-candidato-marcelo-tentado-travar-lusa-reitera-noticia-2154112\" rel=\"nofollow noopener\" target=\"_blank\">Gouveia e Melo<\/a>, que falava aos jornalistas ap\u00f3s uma visita e reuni\u00e3o na Universidade de \u00c9vora, recusou &#8220;entrar nessa pequena guerra&#8221; de acusa\u00e7\u00f5es, alegando que &#8220;pode ser interessante para os notici\u00e1rios&#8221;, mas n\u00e3o interessa aos portugueses.<\/p>\n<p>O que interessa aos portugueses &#8220;s\u00e3o os problemas do interior desertificado&#8221;, contrap\u00f4s, considerando que a economia &#8220;n\u00e3o \u00e9 suficientemente produtiva para criar um Estado bem financiado para que possa desenvolver os seus elevadores sociais&#8221;.<\/p>\n<p>Questionado sobre a cr\u00edtica de <a href=\"https:\/\/www.publico.pt\/2025\/11\/08\/politica\/entrevista\/marques-mendes-centrodireita-nao-renego-passado-2153811\" rel=\"nofollow noopener\" target=\"_blank\">Marques Mendes<\/a> na RTP de que a sua experi\u00eancia no processo de vacina\u00e7\u00e3o n\u00e3o \u00e9 suficiente para a que \u00e9 necess\u00e1ria na Presid\u00eancia da Rep\u00fablica, Gouveia e Melo invocou o sucesso da opera\u00e7\u00e3o.<\/p>\n<p>&#8220;Tenho experi\u00eancia a resolver um problema complexo que, na altura, o sistema pol\u00edtico n\u00e3o estava a conseguir resolver. Por favor, sejam justos comigo&#8221;, salientou.<\/p>\n<p>Assinalando que n\u00e3o anda a puxar dos gal\u00f5es nem tem falado neste tema neste per\u00edodo de pr\u00e9-campanha, o candidato presidencial pediu que &#8220;n\u00e3o tentem diminuir tudo o que foi feito pelo conjunto dos portugueses&#8221; durante o processo de vacina\u00e7\u00e3o.<\/p>\n<p>Em rela\u00e7\u00e3o a esta cr\u00edtica, Gouveia e Melo considerou-a &#8220;um argumento falacioso&#8221;, considerando que quem a utiliza quer &#8220;reduzir a discuss\u00e3o \u00e0 politiquice, \u00e0 pequena pol\u00edtica&#8221;.<\/p>\n<p>&#8220;\u00c9 a experi\u00eancia que interessa, a experi\u00eancia de resolu\u00e7\u00e3o de problemas&#8221;, vincou.<\/p>\n<p>O ex-chefe do Estado-Maior da Armada defendeu que &#8220;os partidos est\u00e3o fechados neles pr\u00f3prios e n\u00e3o est\u00e3o a conseguir atrair o melhor da sociedade para se renovarem&#8221;, apontando essa necessidade de renova\u00e7\u00e3o.<\/p>\n<p>&#8220;H\u00e1 umas \u00e1guas estagnadas h\u00e1 muito tempo e as \u00e1guas estagnadas fazem apodrecer as solu\u00e7\u00f5es. E essas \u00e1guas estagnadas t\u00eam l\u00e1 uns habitantes que tamb\u00e9m est\u00e3o h\u00e1 muito tempo nessas \u00e1guas estagnadas e gostaria de ver os habitantes renovados&#8221;, disse.<\/p>\n<p>Para o almirante, &#8220;a pol\u00edtica tem que se renovar com pessoas de fora da traject\u00f3ria t\u00edpica dessas \u00e1guas estagnadas e dessa intriga pol\u00edtico-partid\u00e1ria&#8221; e capazes de resolver problemas, e garante que a sua candidatura presidencial est\u00e1 a dar um contributo.<\/p>\n<p>Sobre Marques Mendes ter dito na RTP que j\u00e1 deu provas da sua independ\u00eancia, Gouveia e Melo mencionou, com ironia, a mais recente: &#8220;Foi um ex-presidente a vir partidarizar a <a href=\"https:\/\/www.publico.pt\/2025\/10\/24\/politica\/noticia\/candidatos-belem-cruzam-eleitorados-presidenciais-fragmentadas-2151874\" rel=\"nofollow noopener\" target=\"_blank\">corrida presidencial<\/a>, n\u00e3o \u00e9 isso que est\u00e1 na Constitui\u00e7\u00e3o&#8221;, frisou.<\/p>\n","protected":false},"excerpt":{"rendered":"O candidato presidencial Henrique Gouveia e Melo pediu, nesta quarta-feira, que o seu advers\u00e1rio eleitoral Lu\u00eds Marques Mendes&hellip;\n","protected":false},"author":2,"featured_media":149626,"comment_status":"","ping_status":"","sticky":false,"template":"","format":"standard","meta":{"footnotes":""},"categories":[10],"tags":[27,28,15,16,9498,14,9705,25,26,17461,21,22,24788,12,13,19,20,52,32,1076,23,24,33,17,18,29,30,31],"class_list":{"0":"post-149625","1":"post","2":"type-post","3":"status-publish","4":"format-standard","5":"has-post-thumbnail","7":"category-portugal","8":"tag-breaking-news","9":"tag-breakingnews","10":"tag-featured-news","11":"tag-featurednews","12":"tag-gouveia-e-melo","13":"tag-headlines","14":"tag-henrique-gouveia-e-melo","15":"tag-latest-news","16":"tag-latestnews","17":"tag-luis-marques-mendes","18":"tag-main-news","19":"tag-mainnews","20":"tag-marques-mendes","21":"tag-news","22":"tag-noticias","23":"tag-noticias-principais","24":"tag-noticiasprincipais","25":"tag-politica","26":"tag-portugal","27":"tag-presidenciais-2026","28":"tag-principais-noticias","29":"tag-principaisnoticias","30":"tag-pt","31":"tag-top-stories","32":"tag-topstories","33":"tag-ultimas","34":"tag-ultimas-noticias","35":"tag-ultimasnoticias"},"share_on_mastodon":{"url":"https:\/\/pubeurope.com\/@pt\/115538142498570644","error":""},"_links":{"self":[{"href":"https:\/\/www.europesays.com\/pt\/wp-json\/wp\/v2\/posts\/149625","targetHints":{"allow":["GET"]}}],"collection":[{"href":"https:\/\/www.europesays.com\/pt\/wp-json\/wp\/v2\/posts"}],"about":[{"href":"https:\/\/www.europesays.com\/pt\/wp-json\/wp\/v2\/types\/post"}],"author":[{"embeddable":true,"href":"https:\/\/www.europesays.com\/pt\/wp-json\/wp\/v2\/users\/2"}],"replies":[{"embeddable":true,"href":"https:\/\/www.europesays.com\/pt\/wp-json\/wp\/v2\/comments?post=149625"}],"version-history":[{"count":0,"href":"https:\/\/www.europesays.com\/pt\/wp-json\/wp\/v2\/posts\/149625\/revisions"}],"wp:featuredmedia":[{"embeddable":true,"href":"https:\/\/www.europesays.com\/pt\/wp-json\/wp\/v2\/media\/149626"}],"wp:attachment":[{"href":"https:\/\/www.europesays.com\/pt\/wp-json\/wp\/v2\/media?parent=149625"}],"wp:term":[{"taxonomy":"category","embeddable":true,"href":"https:\/\/www.europesays.com\/pt\/wp-json\/wp\/v2\/categories?post=149625"},{"taxonomy":"post_tag","embeddable":true,"href":"https:\/\/www.europesays.com\/pt\/wp-json\/wp\/v2\/tags?post=149625"}],"curies":[{"name":"wp","href":"https:\/\/api.w.org\/{rel}","templated":true}]}}