{"id":149650,"date":"2025-11-12T18:48:27","date_gmt":"2025-11-12T18:48:27","guid":{"rendered":"https:\/\/www.europesays.com\/pt\/149650\/"},"modified":"2025-11-12T18:48:27","modified_gmt":"2025-11-12T18:48:27","slug":"a-nova-vida-de-renata-reis-em-imagens-e-vao-surpreende-lo-secret-story","status":"publish","type":"post","link":"https:\/\/www.europesays.com\/pt\/149650\/","title":{"rendered":"A nova vida de Renata Reis em imagens. E v\u00e3o surpreend\u00ea-lo &#8211; Secret Story"},"content":{"rendered":"<p>\n                    Renata Reis, ex-concorrente do Secret Story 8, tem conquistado elogios com o seu estilo elegante e inspirador. Veja os looks de outono de Renata Reis que est\u00e3o a dar que falar.\n                <\/p>\n<p data-end=\"458\" data-start=\"247\"><strong>Renata Reis<\/strong>, finalista do <strong><a href=\"https:\/\/tvi.iol.pt\/secretstory\/\" target=\"_blank\" rel=\"nofollow noopener\">Secret Story \u2013 Casa dos Segredos 8<\/a><\/strong>, continua a destacar-se nas redes sociais pelo seu sentido de estilo e pelas escolhas de moda que refletem personalidade e confian\u00e7a.<\/p>\n<p data-end=\"768\" data-start=\"460\">Com a chegada do outono, a jovem tem apostado em looks confort\u00e1veis, mas cheios de glamour, combinando pe\u00e7as vers\u00e1teis com toques modernos que real\u00e7am o seu lado mais sofisticado. Casacos largos, botas elegantes e tons neutros s\u00e3o algumas das apostas que marcam esta nova esta\u00e7\u00e3o no guarda-roupa de Renata.<\/p>\n<p data-end=\"974\" data-is-last-node=\"\" data-is-only-node=\"\" data-start=\"770\">Sempre atenta \u00e0s tend\u00eancias, a ex-concorrente mostra que sabe como adaptar a moda \u00e0s mudan\u00e7as de temperatura sem perder o charme.<\/p>\n<p data-end=\"974\" data-is-last-node=\"\" data-is-only-node=\"\" data-start=\"770\"><strong>Percorra a galeria e inspire-se nos looks de outono de Renata Reis.<\/strong><\/p>\n","protected":false},"excerpt":{"rendered":"Renata Reis, ex-concorrente do Secret Story 8, tem conquistado elogios com o seu estilo elegante e inspirador. Veja&hellip;\n","protected":false},"author":2,"featured_media":149651,"comment_status":"","ping_status":"","sticky":false,"template":"","format":"standard","meta":{"footnotes":""},"categories":[142],"tags":[18706,114,115,18705,32,33,2115,151,18704],"class_list":{"0":"post-149650","1":"post","2":"type-post","3":"status-publish","4":"format-standard","5":"has-post-thumbnail","7":"category-tv","8":"tag-bastidores-secret-story","9":"tag-entertainment","10":"tag-entretenimento","11":"tag-entrevistas-concorrentes-tvi","12":"tag-portugal","13":"tag-pt","14":"tag-renata-reis","15":"tag-tv","16":"tag-vida-fora-da-casa"},"share_on_mastodon":{"url":"https:\/\/pubeurope.com\/@pt\/115538224946409371","error":""},"_links":{"self":[{"href":"https:\/\/www.europesays.com\/pt\/wp-json\/wp\/v2\/posts\/149650","targetHints":{"allow":["GET"]}}],"collection":[{"href":"https:\/\/www.europesays.com\/pt\/wp-json\/wp\/v2\/posts"}],"about":[{"href":"https:\/\/www.europesays.com\/pt\/wp-json\/wp\/v2\/types\/post"}],"author":[{"embeddable":true,"href":"https:\/\/www.europesays.com\/pt\/wp-json\/wp\/v2\/users\/2"}],"replies":[{"embeddable":true,"href":"https:\/\/www.europesays.com\/pt\/wp-json\/wp\/v2\/comments?post=149650"}],"version-history":[{"count":0,"href":"https:\/\/www.europesays.com\/pt\/wp-json\/wp\/v2\/posts\/149650\/revisions"}],"wp:featuredmedia":[{"embeddable":true,"href":"https:\/\/www.europesays.com\/pt\/wp-json\/wp\/v2\/media\/149651"}],"wp:attachment":[{"href":"https:\/\/www.europesays.com\/pt\/wp-json\/wp\/v2\/media?parent=149650"}],"wp:term":[{"taxonomy":"category","embeddable":true,"href":"https:\/\/www.europesays.com\/pt\/wp-json\/wp\/v2\/categories?post=149650"},{"taxonomy":"post_tag","embeddable":true,"href":"https:\/\/www.europesays.com\/pt\/wp-json\/wp\/v2\/tags?post=149650"}],"curies":[{"name":"wp","href":"https:\/\/api.w.org\/{rel}","templated":true}]}}