{"id":149660,"date":"2025-11-12T18:56:37","date_gmt":"2025-11-12T18:56:37","guid":{"rendered":"https:\/\/www.europesays.com\/pt\/149660\/"},"modified":"2025-11-12T18:56:37","modified_gmt":"2025-11-12T18:56:37","slug":"tenha-70e-ou-100e-em-dinheiro-vivo-em-casa-de-onde-vem-esse-conselho-e-como-segui-lo-sem-alarmismos","status":"publish","type":"post","link":"https:\/\/www.europesays.com\/pt\/149660\/","title":{"rendered":"Tenha &#8220;70\u20ac ou 100\u20ac&#8221; em dinheiro vivo em casa: de onde vem esse conselho &#8211; e como segui-lo &#8220;sem alarmismos&#8221;"},"content":{"rendered":"<p>\t                &#8220;Muitos portugueses&#8221; usam apenas &#8220;o telem\u00f3vel para realizarem pagamentos&#8221;. Mas pode vir um dia (e j\u00e1 veio) em que o telem\u00f3vel deixa de servir<\/p>\n<p>Pela primeira vez num documento oficial, o Banco de Portugal diz que \u00e9 prudente os cidad\u00e3os terem algum dinheiro f\u00edsico dispon\u00edvel. A recomenda\u00e7\u00e3o \u00e9 feita no \u00e2mbito de uma avalia\u00e7\u00e3o aos constrangimentos gerados pelo apag\u00e3o de 28 de abril, quando muitos portugueses sentiram dificuldades em levantar dinheiro e em fazer pagamentos com meios eletr\u00f3nicos.<\/p>\n<p>Outros pa\u00edses europeus tamb\u00e9m aconselham uma reserva de emerg\u00eancia em dinheiro para apag\u00f5es, ciberataques ou desastres naturais, s\u00f3 que ter dinheiro em casa levanta quest\u00f5es de seguran\u00e7a. \u201cDepende do valor que estamos a falar. Acho que ningu\u00e9m no seu perfeito ju\u00edzo vai recomendar ter uma quantia elevada em casa\u201d, afirma Gustavo Nunes, advogado e ex-inspetor da Pol\u00edcia Judici\u00e1ria.<\/p>\n<p>Apesar de o n\u00famero de furtos em resid\u00eancias estar em queda em Portugal, no ano passado foram registados cerca de 12 mil, \u201co que significa que, a cada dia, h\u00e1 33 casas a serem assaltadas\u201d, aponta Gustavo Nunes. Assim sendo, sugere que \u201cuma quantia razo\u00e1vel para dois, tr\u00eas dias de compras essenciais\u201d seja cuidadosamente guardada num cofre &#8211; se poss\u00edvel fixo.<\/p>\n<p>Al\u00e9m disso, Gustavo Nunes sublinha que \u201co dinheiro tem de ser visto como uma rede de seguran\u00e7a, n\u00e3o como um exerc\u00edcio de exibicionismo\u201d, e por isso \u00e9 necess\u00e1rio manter a \u201cdiscri\u00e7\u00e3o\u201d e \u201cfalar pouco\u201d. \u201cA seguran\u00e7a come\u00e7a na forma como n\u00f3s nos comportamos.\u201d\u00a0<\/p>\n<p>Nat\u00e1lia Nunes, do gabinete de prote\u00e7\u00e3o financeira da DECO, concorda com as recomenda\u00e7\u00f5es do Banco de Portugal, defendendo que \u201ceste princ\u00edpio j\u00e1 deveria ter sido interiorizado\u201d e \u201cdevia estar a ser praticado\u201d.\u00a0<\/p>\n<p>\u201cA pr\u00f3pria Autoridade Europeia Banc\u00e1ria tamb\u00e9m j\u00e1 o tinha sugerido logo a seguir ao apag\u00e3o\u201d, lembra Nat\u00e1lia Nunes. \u201cA Comiss\u00e3o Europeia tamb\u00e9m lan\u00e7ou um v\u00eddeo em que dava precisamente esta recomenda\u00e7\u00e3o a todos os cidad\u00e3os e a todas as fam\u00edlias, para terem em casa um pequeno valor para fazer face a estas emerg\u00eancias que podem surgir, como surgiram em Portugal e Espanha.\u201d\u00a0<\/p>\n<p>Nat\u00e1lia Nunes afirma que n\u00e3o \u00e9 apenas o apag\u00e3o que motiva este princ\u00edpio e que n\u00e3o se trata de pedir \u00e0s pessoas que recuem v\u00e1rios anos, \u201cquando colocavam o dinheiro debaixo do colch\u00e3o\u201d. \u201cO que estamos a dizer \u00e9 que deviam ter um valor relativamente pequeno, atendendo \u00e0quilo que s\u00e3o as caracter\u00edsticas daquela fam\u00edlia, os gastos na alimenta\u00e7\u00e3o, transporte\u201d, para dar resposta a emerg\u00eancias, esclarece.\u00a0<\/p>\n<p>&#8220;Pode ser 70, 100 euros&#8221; <\/p>\n<p>\u201c\u00c9 necess\u00e1rio realmente as pessoas precaverem-se e terem um fundo de emerg\u00eancia que pode ir de seis a 12 ordenados &#8211; e uma parte desse fundo de emerg\u00eancia, um pequeno valor, pode ser 70 ou 100 euros, em casa para qualquer necessidade imediata\u201d, sugere Rute Marques.\u00a0<\/p>\n<p>A gestora de acompanhamento ao investidor denota um \u201cuso decrescente do dinheiro f\u00edsico\u201d por parte dos cidad\u00e3os, ao ponto de \u201cmuitos j\u00e1 sa\u00edrem de casa apenas com o telem\u00f3vel\u201d para realizarem pagamentos. \u201cNem o cart\u00e3o levam para a rua porque conseguem faz\u00ea-lo atrav\u00e9s do MBWay.\u201d\u00a0<\/p>\n<p>Por consequ\u00eancia, e no caso do apag\u00e3o, Rute Marques destaca que muitas pessoas n\u00e3o tinham dinheiro para comprar um r\u00e1dio a pilhas ou comida. Sugere por isso que as recomenda\u00e7\u00f5es sejam encaradas com \u201caten\u00e7\u00e3o\u201d mas \u201csem alarmismo\u201d. \u201c\u00c9 um valor para necessidades b\u00e1sicas, n\u00e3o um montante que depois nos pode colocar em risco.\u201d<\/p>\n<p>A jornalista da CNN Portugal Isabel Lou\u00e7\u00e3o Santos sublinha que, &#8220;quando guardamos dinheiro no colch\u00e3o, ele perde valor&#8221;. &#8220;A pessoa est\u00e1 a perder dinheiro. Usando uma imagem mais bem-humorada, o colch\u00e3o pode aumentar de pre\u00e7o 5% porque a infla\u00e7\u00e3o \u00e9 de 5% e eu deixo de poder comprar aquele colch\u00e3o com aquele dinheiro porque est\u00e1 5% mais caro e o meu dinheiro n\u00e3o valorizou.&#8221;<\/p>\n<p>Por outro lado, lembra que essa perda de valor j\u00e1 acontece de outra maneira: &#8220;A taxa m\u00e9dia dos dep\u00f3sitos em Portugal j\u00e1 est\u00e1 abaixo da m\u00e9dia de infla\u00e7\u00e3o esperada para o pr\u00f3ximo ano&#8221;.\u00a0<\/p>\n","protected":false},"excerpt":{"rendered":"&#8220;Muitos portugueses&#8221; usam apenas &#8220;o telem\u00f3vel para realizarem pagamentos&#8221;. Mas pode vir um dia (e j\u00e1 veio) em&hellip;\n","protected":false},"author":2,"featured_media":149661,"comment_status":"","ping_status":"","sticky":false,"template":"","format":"standard","meta":{"footnotes":""},"categories":[83],"tags":[609,836,611,2877,474,27,88,607,608,333,832,604,135,32628,21941,610,476,89,90,301,830,603,570,831,833,62,834,13,835,602,52,32,33,3711,29],"class_list":{"0":"post-149660","1":"post","2":"type-post","3":"status-publish","4":"format-standard","5":"has-post-thumbnail","7":"category-empresas","8":"tag-alerta","9":"tag-analise","10":"tag-ao-minuto","11":"tag-apagao","12":"tag-banco-de-portugal","13":"tag-breaking-news","14":"tag-business","15":"tag-cnn","16":"tag-cnn-portugal","17":"tag-comentadores","18":"tag-costa","19":"tag-crime","20":"tag-desporto","21":"tag-dinheiro-em-casa","22":"tag-dinheiro-vivo","23":"tag-direto","24":"tag-economia","25":"tag-economy","26":"tag-empresas","27":"tag-governo","28":"tag-guerra","29":"tag-justica","30":"tag-live","31":"tag-mais-vistas","32":"tag-marcelo","33":"tag-mundo","34":"tag-negocios","35":"tag-noticias","36":"tag-opiniao","37":"tag-pais","38":"tag-politica","39":"tag-portugal","40":"tag-pt","41":"tag-recomendacoes","42":"tag-ultimas"},"share_on_mastodon":{"url":"https:\/\/pubeurope.com\/@pt\/115538256561059234","error":""},"_links":{"self":[{"href":"https:\/\/www.europesays.com\/pt\/wp-json\/wp\/v2\/posts\/149660","targetHints":{"allow":["GET"]}}],"collection":[{"href":"https:\/\/www.europesays.com\/pt\/wp-json\/wp\/v2\/posts"}],"about":[{"href":"https:\/\/www.europesays.com\/pt\/wp-json\/wp\/v2\/types\/post"}],"author":[{"embeddable":true,"href":"https:\/\/www.europesays.com\/pt\/wp-json\/wp\/v2\/users\/2"}],"replies":[{"embeddable":true,"href":"https:\/\/www.europesays.com\/pt\/wp-json\/wp\/v2\/comments?post=149660"}],"version-history":[{"count":0,"href":"https:\/\/www.europesays.com\/pt\/wp-json\/wp\/v2\/posts\/149660\/revisions"}],"wp:featuredmedia":[{"embeddable":true,"href":"https:\/\/www.europesays.com\/pt\/wp-json\/wp\/v2\/media\/149661"}],"wp:attachment":[{"href":"https:\/\/www.europesays.com\/pt\/wp-json\/wp\/v2\/media?parent=149660"}],"wp:term":[{"taxonomy":"category","embeddable":true,"href":"https:\/\/www.europesays.com\/pt\/wp-json\/wp\/v2\/categories?post=149660"},{"taxonomy":"post_tag","embeddable":true,"href":"https:\/\/www.europesays.com\/pt\/wp-json\/wp\/v2\/tags?post=149660"}],"curies":[{"name":"wp","href":"https:\/\/api.w.org\/{rel}","templated":true}]}}