{"id":149670,"date":"2025-11-12T19:01:55","date_gmt":"2025-11-12T19:01:55","guid":{"rendered":"https:\/\/www.europesays.com\/pt\/149670\/"},"modified":"2025-11-12T19:01:55","modified_gmt":"2025-11-12T19:01:55","slug":"casa-em-guimaraes-que-nasceu-de-uma-ruina-destacada-em-portal-internacional-de-arquitetura","status":"publish","type":"post","link":"https:\/\/www.europesays.com\/pt\/149670\/","title":{"rendered":"Casa em Guimar\u00e3es que nasceu de uma ru\u00edna destacada em portal internacional de arquitetura"},"content":{"rendered":"<p>O projeto da felixARQS \u2013 Daniel f\u00e9lix Arquitectos, que recupera uma ru\u00edna em Guimar\u00e3es, foi destacado recentemente no portal internacional <a href=\"https:\/\/www.archdaily.com.br\/br\/1035866\/casa-em-mesao-frio-felixarqs-daniel-felix-arquitectos\" data-type=\"link\" data-id=\"https:\/\/www.archdaily.com.br\/br\/1035866\/casa-em-mesao-frio-felixarqs-daniel-felix-arquitectos\" rel=\"noopener nofollow\" target=\"_blank\">ArchDaily<\/a>. <\/p>\n<p>&#13;<br \/>\n&#13;<br \/>\n&#13;<\/p>\n<p>A habita\u00e7\u00e3o, situada na freguesia de Mes\u00e3o Frio, nasceu no final de uma rua tranquila, onde grande parte das constru\u00e7\u00f5es s\u00e3o da mesma fam\u00edlia alargada. A\u00ed existia uma ru\u00edna integrada nesse n\u00facleo de constru\u00e7\u00f5es familiares. <\/p>\n<p>Uma fam\u00edlia jovem, e em crescimento, decidiu reconstruir essa ru\u00edna com a qual t\u00eam uma grande rela\u00e7\u00e3o afetiva, pois pertencia aos av\u00f3s da cliente, conforme revela o gabinete de arquitetura. <\/p>\n<p>Mesmo ao lado da ru\u00edna, est\u00e1 a casa dos pais da cliente da felixARQS, onde viveu durante muito tempo.\u00a0<\/p>\n<p><img loading=\"lazy\" data-dominant-color=\"8f8a81\" data-has-transparency=\"false\" style=\"--dominant-color: #8f8a81;\" decoding=\"async\" width=\"1024\" height=\"576\" data-id=\"623825\" alt=\"Casa em guimar\u00e3es que nasceu de uma ru\u00edna destacada em portal internacional de arquitetura\" class=\"wp-image-623825 not-transparent perfmatters-lazy\" title=\"Casa em guimar\u00e3es que nasceu de uma ru\u00edna destacada em portal internacional de arquitetura 6\" src=\"https:\/\/www.europesays.com\/pt\/wp-content\/uploads\/2025\/11\/casa-em-mesao-frio-felixarqs-daniel-felix-arquitectos_39.jpg\"  data-\/>Foto: DR<\/p>\n<p><img loading=\"lazy\" data-dominant-color=\"88837c\" data-has-transparency=\"false\" style=\"--dominant-color: #88837c;\" decoding=\"async\" width=\"1024\" height=\"576\" data-id=\"623824\" alt=\"Casa em guimar\u00e3es que nasceu de uma ru\u00edna destacada em portal internacional de arquitetura\" class=\"wp-image-623824 not-transparent perfmatters-lazy\" title=\"Casa em guimar\u00e3es que nasceu de uma ru\u00edna destacada em portal internacional de arquitetura 7\" src=\"https:\/\/www.europesays.com\/pt\/wp-content\/uploads\/2025\/11\/casa-em-mesao-frio-felixarqs-daniel-felix-arquitectos_38.jpg\"  data-\/>Foto: DR<\/p>\n<p><img loading=\"lazy\" data-dominant-color=\"87837a\" data-has-transparency=\"false\" style=\"--dominant-color: #87837a;\" decoding=\"async\" width=\"1024\" height=\"576\" data-id=\"623823\" alt=\"Casa em guimar\u00e3es que nasceu de uma ru\u00edna destacada em portal internacional de arquitetura\" class=\"wp-image-623823 not-transparent perfmatters-lazy\" title=\"Casa em guimar\u00e3es que nasceu de uma ru\u00edna destacada em portal internacional de arquitetura 8\" src=\"https:\/\/www.europesays.com\/pt\/wp-content\/uploads\/2025\/11\/casa-em-mesao-frio-felixarqs-daniel-felix-arquitectos_37.jpg\"  data-\/>Foto: DR<\/p>\n<p>A vontade de reabitar da ru\u00edna surge dessa \u201cinten\u00e7\u00e3o de voltar ao lugar da mem\u00f3ria e de estar muito perto do n\u00facleo familiar, onde os pais da cliente, agora av\u00f3s, viver\u00e3o com grande proximidade o crescimento dos netos\u201d.<\/p>\n<p>\u201cA ru\u00edna \u00e9 o s\u00edmbolo dessa partilha familiar e da mem\u00f3ria, e por isso foi assumida, reinterpretada, e absorvida pelo projeto.\u00a0A ideia da rela\u00e7\u00e3o existente\/novo, antigo\/contempor\u00e2neo, era algo que j\u00e1 pairava na mente dos clientes. A necessidade de espa\u00e7os espec\u00edficos, interiores e exteriores, levou \u00e0 necess\u00e1ria amplia\u00e7\u00e3o. A vontade de reconstru\u00e7\u00e3o foi acima de tudo um ato de continuidade e perten\u00e7a\u201d, l\u00ea-se na sinopse do projeto, dispon\u00edvel no \u2018site\u2019 da ArchDaily. <\/p>\n<p>Tal como antes da interven\u00e7\u00e3o, parte da sua volumetria confronta diretamente com a rua, definindo-se a\u00ed o port\u00e3o para o coberto autom\u00f3vel. O acesso pedonal, ap\u00f3s um habitual port\u00e3o de homem no limite do terreno, faz-se pela ru\u00edna, atrav\u00e9s de um espa\u00e7o exterior coberto, criando um momento em que \u201cse entra para fora\u201d.<\/p>\n<p><img loading=\"lazy\" data-dominant-color=\"7c8489\" data-has-transparency=\"false\" style=\"--dominant-color: #7c8489;\" decoding=\"async\" width=\"667\" height=\"1000\" data-id=\"623822\" alt=\"Casa em guimar\u00e3es que nasceu de uma ru\u00edna destacada em portal internacional de arquitetura\" class=\"wp-image-623822 not-transparent perfmatters-lazy\" title=\"Casa em guimar\u00e3es que nasceu de uma ru\u00edna destacada em portal internacional de arquitetura 9\" src=\"https:\/\/www.europesays.com\/pt\/wp-content\/uploads\/2025\/11\/casa-em-mesao-frio-felixarqs-daniel-felix-arquitectos_36.jpg\"  data-\/>Foto: Ivo Tavares Studio<\/p>\n<p><img loading=\"lazy\" data-dominant-color=\"959796\" data-has-transparency=\"false\" style=\"--dominant-color: #959796;\" decoding=\"async\" width=\"667\" height=\"1000\" data-id=\"623821\" alt=\"Casa em guimar\u00e3es que nasceu de uma ru\u00edna destacada em portal internacional de arquitetura\" class=\"wp-image-623821 not-transparent perfmatters-lazy\" title=\"Casa em guimar\u00e3es que nasceu de uma ru\u00edna destacada em portal internacional de arquitetura 10\" src=\"https:\/\/www.europesays.com\/pt\/wp-content\/uploads\/2025\/11\/casa-em-mesao-frio-felixarqs-daniel-felix-arquitectos_35.jpg\"  data-\/>Foto: Ivo Tavares Studio<\/p>\n<p><img loading=\"lazy\" data-dominant-color=\"9a9b94\" data-has-transparency=\"false\" style=\"--dominant-color: #9a9b94;\" decoding=\"async\" width=\"1024\" height=\"887\" data-id=\"623820\" alt=\"Casa em guimar\u00e3es que nasceu de uma ru\u00edna destacada em portal internacional de arquitetura\" class=\"wp-image-623820 not-transparent perfmatters-lazy\" title=\"Casa em guimar\u00e3es que nasceu de uma ru\u00edna destacada em portal internacional de arquitetura 11\" src=\"https:\/\/www.europesays.com\/pt\/wp-content\/uploads\/2025\/11\/casa-em-mesao-frio-felixarqs-daniel-felix-arquitectos_34.jpg\"  data-\/>Foto: Ivo Tavares Studio<\/p>\n<p><img loading=\"lazy\" data-dominant-color=\"4f4839\" data-has-transparency=\"false\" style=\"--dominant-color: #4f4839;\" decoding=\"async\" width=\"1024\" height=\"768\" data-id=\"623819\" alt=\"Casa em guimar\u00e3es que nasceu de uma ru\u00edna destacada em portal internacional de arquitetura\" class=\"wp-image-623819 not-transparent perfmatters-lazy\" title=\"Casa em guimar\u00e3es que nasceu de uma ru\u00edna destacada em portal internacional de arquitetura 12\" src=\"https:\/\/www.europesays.com\/pt\/wp-content\/uploads\/2025\/11\/casa-em-mesao-frio-felixarqs-daniel-felix-arquitectos_33.jpg\"  data-\/>Foto: Ivo Tavares Studio<\/p>\n<p><img loading=\"lazy\" data-dominant-color=\"8b9a9f\" data-has-transparency=\"false\" style=\"--dominant-color: #8b9a9f;\" decoding=\"async\" width=\"750\" height=\"1000\" data-id=\"623818\" alt=\"Casa em guimar\u00e3es que nasceu de uma ru\u00edna destacada em portal internacional de arquitetura\" class=\"wp-image-623818 not-transparent perfmatters-lazy\" title=\"Casa em guimar\u00e3es que nasceu de uma ru\u00edna destacada em portal internacional de arquitetura 13\" src=\"https:\/\/www.europesays.com\/pt\/wp-content\/uploads\/2025\/11\/casa-em-mesao-frio-felixarqs-daniel-felix-arquitectos_32.jpg\"  data-\/>Foto: Ivo Tavares Studio<\/p>\n<p><img loading=\"lazy\" data-dominant-color=\"93918b\" data-has-transparency=\"false\" style=\"--dominant-color: #93918b;\" decoding=\"async\" width=\"667\" height=\"1000\" data-id=\"623817\" alt=\"Casa em guimar\u00e3es que nasceu de uma ru\u00edna destacada em portal internacional de arquitetura\" class=\"wp-image-623817 not-transparent perfmatters-lazy\" title=\"Casa em guimar\u00e3es que nasceu de uma ru\u00edna destacada em portal internacional de arquitetura 14\" src=\"https:\/\/www.europesays.com\/pt\/wp-content\/uploads\/2025\/11\/casa-em-mesao-frio-felixarqs-daniel-felix-arquitectos_31.jpg\"  data-\/>Foto: Ivo Tavares Studio<\/p>\n<p><img loading=\"lazy\" data-dominant-color=\"8f918e\" data-has-transparency=\"false\" style=\"--dominant-color: #8f918e;\" decoding=\"async\" width=\"1024\" height=\"683\" data-id=\"623816\" alt=\"Casa em guimar\u00e3es que nasceu de uma ru\u00edna destacada em portal internacional de arquitetura\" class=\"wp-image-623816 not-transparent perfmatters-lazy\" title=\"Casa em guimar\u00e3es que nasceu de uma ru\u00edna destacada em portal internacional de arquitetura 15\" src=\"https:\/\/www.europesays.com\/pt\/wp-content\/uploads\/2025\/11\/casa-em-mesao-frio-felixarqs-daniel-felix-arquitectos_30.jpg\"  data-\/>Foto: Ivo Tavares Studio<\/p>\n<p><img loading=\"lazy\" data-dominant-color=\"807769\" data-has-transparency=\"false\" style=\"--dominant-color: #807769;\" decoding=\"async\" width=\"667\" height=\"1000\" data-id=\"623815\" alt=\"Casa em guimar\u00e3es que nasceu de uma ru\u00edna destacada em portal internacional de arquitetura\" class=\"wp-image-623815 not-transparent perfmatters-lazy\" title=\"Casa em guimar\u00e3es que nasceu de uma ru\u00edna destacada em portal internacional de arquitetura 16\" src=\"https:\/\/www.europesays.com\/pt\/wp-content\/uploads\/2025\/11\/casa-em-mesao-frio-felixarqs-daniel-felix-arquitectos_29.jpg\"  data-\/>Foto: Ivo Tavares Studio<\/p>\n<p><img loading=\"lazy\" data-dominant-color=\"6c6355\" data-has-transparency=\"false\" style=\"--dominant-color: #6c6355;\" decoding=\"async\" width=\"667\" height=\"1000\" data-id=\"623814\" alt=\"Casa em guimar\u00e3es que nasceu de uma ru\u00edna destacada em portal internacional de arquitetura\" class=\"wp-image-623814 not-transparent perfmatters-lazy\" title=\"Casa em guimar\u00e3es que nasceu de uma ru\u00edna destacada em portal internacional de arquitetura 17\" src=\"https:\/\/www.europesays.com\/pt\/wp-content\/uploads\/2025\/11\/casa-em-mesao-frio-felixarqs-daniel-felix-arquitectos_28.jpg\"  data-\/>Foto: Ivo Tavares Studio<\/p>\n<p><img loading=\"lazy\" data-dominant-color=\"6d5f50\" data-has-transparency=\"false\" style=\"--dominant-color: #6d5f50;\" decoding=\"async\" width=\"1024\" height=\"683\" data-id=\"623813\" alt=\"Casa em guimar\u00e3es que nasceu de uma ru\u00edna destacada em portal internacional de arquitetura\" class=\"wp-image-623813 not-transparent perfmatters-lazy\" title=\"Casa em guimar\u00e3es que nasceu de uma ru\u00edna destacada em portal internacional de arquitetura 18\" src=\"https:\/\/www.europesays.com\/pt\/wp-content\/uploads\/2025\/11\/casa-em-mesao-frio-felixarqs-daniel-felix-arquitectos_27.jpg\"  data-\/>Foto: Ivo Tavares Studio<\/p>\n<p>No restante espa\u00e7o da ru\u00edna, para al\u00e9m da entrada, estabelece-se a cozinha, \u201c\u00e1rea nobre das casas desta regi\u00e3o do Minho\u201d, numa posi\u00e7\u00e3o muito semelhante \u00e0 original, conservando assim a l\u00f3gica do uso anterior. <\/p>\n<p>Sobre esta, um pequeno volume define um est\u00fadio\/atelier, mantendo os dois pisos existentes, e assume uma\u00a0cobertura tradicional em telha, integrando delicadamente a constru\u00e7\u00e3o na sua envolvente e relacionando-se discretamente com as constru\u00e7\u00f5es vizinhas.\u00a0<\/p>\n<p><img loading=\"lazy\" data-dominant-color=\"9d9389\" data-has-transparency=\"false\" style=\"--dominant-color: #9d9389;\" decoding=\"async\" width=\"667\" height=\"1000\" data-id=\"623812\" alt=\"Casa em guimar\u00e3es que nasceu de uma ru\u00edna destacada em portal internacional de arquitetura\" class=\"wp-image-623812 not-transparent perfmatters-lazy\" title=\"Casa em guimar\u00e3es que nasceu de uma ru\u00edna destacada em portal internacional de arquitetura 19\" src=\"https:\/\/www.europesays.com\/pt\/wp-content\/uploads\/2025\/11\/casa-em-mesao-frio-felixarqs-daniel-felix-arquitectos_26.jpg\"  data-\/>Foto: Ivo Tavares Studio<\/p>\n<p><img loading=\"lazy\" data-dominant-color=\"c6bfb8\" data-has-transparency=\"false\" style=\"--dominant-color: #c6bfb8;\" decoding=\"async\" width=\"667\" height=\"1000\" data-id=\"623811\" alt=\"Casa em guimar\u00e3es que nasceu de uma ru\u00edna destacada em portal internacional de arquitetura\" class=\"wp-image-623811 not-transparent perfmatters-lazy\" title=\"Casa em guimar\u00e3es que nasceu de uma ru\u00edna destacada em portal internacional de arquitetura 20\" src=\"https:\/\/www.europesays.com\/pt\/wp-content\/uploads\/2025\/11\/casa-em-mesao-frio-felixarqs-daniel-felix-arquitectos_25.jpg\"  data-\/>Foto: Ivo Tavares Studio<\/p>\n<p><img loading=\"lazy\" data-dominant-color=\"797466\" data-has-transparency=\"false\" style=\"--dominant-color: #797466;\" decoding=\"async\" width=\"667\" height=\"1000\" data-id=\"623810\" alt=\"Casa em guimar\u00e3es que nasceu de uma ru\u00edna destacada em portal internacional de arquitetura\" class=\"wp-image-623810 not-transparent perfmatters-lazy\" title=\"Casa em guimar\u00e3es que nasceu de uma ru\u00edna destacada em portal internacional de arquitetura 21\" src=\"https:\/\/www.europesays.com\/pt\/wp-content\/uploads\/2025\/11\/casa-em-mesao-frio-felixarqs-daniel-felix-arquitectos_24.jpg\"  data-\/>Foto: Ivo Tavares Studio<\/p>\n<p><img loading=\"lazy\" data-dominant-color=\"958e79\" data-has-transparency=\"false\" style=\"--dominant-color: #958e79;\" decoding=\"async\" width=\"667\" height=\"1000\" data-id=\"623808\" alt=\"Casa em guimar\u00e3es que nasceu de uma ru\u00edna destacada em portal internacional de arquitetura\" class=\"wp-image-623808 not-transparent perfmatters-lazy\" title=\"Casa em guimar\u00e3es que nasceu de uma ru\u00edna destacada em portal internacional de arquitetura 22\" src=\"https:\/\/www.europesays.com\/pt\/wp-content\/uploads\/2025\/11\/casa-em-mesao-frio-felixarqs-daniel-felix-arquitectos_22.jpg\"  data-\/>Foto: Ivo Tavares Studio<\/p>\n<p><img loading=\"lazy\" data-dominant-color=\"91a0a0\" data-has-transparency=\"false\" style=\"--dominant-color: #91a0a0;\" decoding=\"async\" width=\"1024\" height=\"683\" data-id=\"623807\" alt=\"Casa em guimar\u00e3es que nasceu de uma ru\u00edna destacada em portal internacional de arquitetura\" class=\"wp-image-623807 not-transparent perfmatters-lazy\" title=\"Casa em guimar\u00e3es que nasceu de uma ru\u00edna destacada em portal internacional de arquitetura 23\" src=\"https:\/\/www.europesays.com\/pt\/wp-content\/uploads\/2025\/11\/casa-em-mesao-frio-felixarqs-daniel-felix-arquitectos_21.jpg\"  data-\/>Foto: Ivo Tavares Studio<\/p>\n<p><img loading=\"lazy\" data-dominant-color=\"889b9e\" data-has-transparency=\"false\" style=\"--dominant-color: #889b9e;\" decoding=\"async\" width=\"667\" height=\"1000\" data-id=\"623806\" alt=\"Casa em guimar\u00e3es que nasceu de uma ru\u00edna destacada em portal internacional de arquitetura\" class=\"wp-image-623806 not-transparent perfmatters-lazy\" title=\"Casa em guimar\u00e3es que nasceu de uma ru\u00edna destacada em portal internacional de arquitetura 24\" src=\"https:\/\/www.europesays.com\/pt\/wp-content\/uploads\/2025\/11\/casa-em-mesao-frio-felixarqs-daniel-felix-arquitectos_20.jpg\"  data-\/>Foto: Ivo Tavares Studio<\/p>\n<p><img loading=\"lazy\" data-dominant-color=\"879da8\" data-has-transparency=\"false\" style=\"--dominant-color: #879da8;\" decoding=\"async\" width=\"1024\" height=\"683\" data-id=\"623805\" alt=\"Casa em guimar\u00e3es que nasceu de uma ru\u00edna destacada em portal internacional de arquitetura\" class=\"wp-image-623805 not-transparent perfmatters-lazy\" title=\"Casa em guimar\u00e3es que nasceu de uma ru\u00edna destacada em portal internacional de arquitetura 25\" src=\"https:\/\/www.europesays.com\/pt\/wp-content\/uploads\/2025\/11\/casa-em-mesao-frio-felixarqs-daniel-felix-arquitectos_19.jpg\"  data-\/>Foto: Ivo Tavares Studio<\/p>\n<p><img loading=\"lazy\" data-dominant-color=\"8f9999\" data-has-transparency=\"false\" style=\"--dominant-color: #8f9999;\" decoding=\"async\" width=\"1024\" height=\"683\" data-id=\"623804\" alt=\"Casa em guimar\u00e3es que nasceu de uma ru\u00edna destacada em portal internacional de arquitetura\" class=\"wp-image-623804 not-transparent perfmatters-lazy\" title=\"Casa em guimar\u00e3es que nasceu de uma ru\u00edna destacada em portal internacional de arquitetura 26\" src=\"https:\/\/www.europesays.com\/pt\/wp-content\/uploads\/2025\/11\/casa-em-mesao-frio-felixarqs-daniel-felix-arquitectos_18.jpg\"  data-\/>Foto: Ivo Tavares Studio<\/p>\n<p><img loading=\"lazy\" data-dominant-color=\"91a2a9\" data-has-transparency=\"false\" style=\"--dominant-color: #91a2a9;\" decoding=\"async\" width=\"1024\" height=\"683\" data-id=\"623803\" alt=\"Casa em guimar\u00e3es que nasceu de uma ru\u00edna destacada em portal internacional de arquitetura\" class=\"wp-image-623803 not-transparent perfmatters-lazy\" title=\"Casa em guimar\u00e3es que nasceu de uma ru\u00edna destacada em portal internacional de arquitetura 27\" src=\"https:\/\/www.europesays.com\/pt\/wp-content\/uploads\/2025\/11\/casa-em-mesao-frio-felixarqs-daniel-felix-arquitectos_17.jpg\"  data-\/>Foto: Ivo Tavares Studio<\/p>\n<p><img loading=\"lazy\" data-dominant-color=\"9b9c9a\" data-has-transparency=\"false\" style=\"--dominant-color: #9b9c9a;\" decoding=\"async\" width=\"667\" height=\"1000\" data-id=\"623802\" alt=\"Casa em guimar\u00e3es que nasceu de uma ru\u00edna destacada em portal internacional de arquitetura\" class=\"wp-image-623802 not-transparent perfmatters-lazy\" title=\"Casa em guimar\u00e3es que nasceu de uma ru\u00edna destacada em portal internacional de arquitetura 28\" src=\"https:\/\/www.europesays.com\/pt\/wp-content\/uploads\/2025\/11\/casa-em-mesao-frio-felixarqs-daniel-felix-arquitectos_16.jpg\"  data-\/>Foto: Ivo Tavares Studio<\/p>\n<p><img loading=\"lazy\" data-dominant-color=\"a69482\" data-has-transparency=\"false\" style=\"--dominant-color: #a69482;\" decoding=\"async\" width=\"667\" height=\"1000\" data-id=\"623801\" alt=\"Casa em guimar\u00e3es que nasceu de uma ru\u00edna destacada em portal internacional de arquitetura\" class=\"wp-image-623801 not-transparent perfmatters-lazy\" title=\"Casa em guimar\u00e3es que nasceu de uma ru\u00edna destacada em portal internacional de arquitetura 29\" src=\"https:\/\/www.europesays.com\/pt\/wp-content\/uploads\/2025\/11\/casa-em-mesao-frio-felixarqs-daniel-felix-arquitectos_15.jpg\"  data-\/>Foto: Ivo Tavares Studio<\/p>\n<p><img loading=\"lazy\" data-dominant-color=\"a4998b\" data-has-transparency=\"false\" style=\"--dominant-color: #a4998b;\" decoding=\"async\" width=\"667\" height=\"1000\" data-id=\"623800\" alt=\"Casa em guimar\u00e3es que nasceu de uma ru\u00edna destacada em portal internacional de arquitetura\" class=\"wp-image-623800 not-transparent perfmatters-lazy\" title=\"Casa em guimar\u00e3es que nasceu de uma ru\u00edna destacada em portal internacional de arquitetura 30\" src=\"https:\/\/www.europesays.com\/pt\/wp-content\/uploads\/2025\/11\/casa-em-mesao-frio-felixarqs-daniel-felix-arquitectos_14.jpg\"  data-\/>Foto: Ivo Tavares Studio<\/p>\n<p>A felixARQS refere ainda que a sala de estar e os quartos \u201cdesenvolvem-se na continuidade da ru\u00edna, sendo a laje de cobertura o elemento respons\u00e1vel por marcar a flu\u00edda transi\u00e7\u00e3o entre os dois tempos: o passado e o presente\u201d. <\/p>\n<p>Desta forma, a equipa de arquitectos cumpriu o \u201cmaior desejo dos clientes: preservou-se a mem\u00f3ria, a imagem, e parte do uso da ru\u00edna, criando-se simultaneamente uma utiliza\u00e7\u00e3o e um ambiente contempor\u00e2neos para o (re)habitar desta casa\u201d. <\/p>\n<p>O projeto, com 330 metros quadrados e inaugurado em 2025, desenvolveu-se em torno desta rela\u00e7\u00e3o, sendo a \u201cprincipal caracter\u00edstica da sua identidade\u201d.\u00a0<\/p>\n<p>A \u201cdiversidade de espa\u00e7os definidos pela confronta\u00e7\u00e3o do antigo com o novo conserva a imagem e a espacialidade da ru\u00edna\u201d. <\/p>\n<p><img loading=\"lazy\" data-dominant-color=\"aba297\" data-has-transparency=\"false\" style=\"--dominant-color: #aba297;\" decoding=\"async\" width=\"1024\" height=\"683\" data-id=\"623799\" alt=\"Casa em guimar\u00e3es que nasceu de uma ru\u00edna destacada em portal internacional de arquitetura\" class=\"wp-image-623799 not-transparent perfmatters-lazy\" title=\"Casa em guimar\u00e3es que nasceu de uma ru\u00edna destacada em portal internacional de arquitetura 31\" src=\"https:\/\/www.europesays.com\/pt\/wp-content\/uploads\/2025\/11\/casa-em-mesao-frio-felixarqs-daniel-felix-arquitectos_13.jpg\"  data-\/>Foto: Ivo Tavares Studio<\/p>\n<p><img loading=\"lazy\" data-dominant-color=\"b0aca6\" data-has-transparency=\"false\" style=\"--dominant-color: #b0aca6;\" decoding=\"async\" width=\"1024\" height=\"683\" data-id=\"623798\" alt=\"Casa em guimar\u00e3es que nasceu de uma ru\u00edna destacada em portal internacional de arquitetura\" class=\"wp-image-623798 not-transparent perfmatters-lazy\" title=\"Casa em guimar\u00e3es que nasceu de uma ru\u00edna destacada em portal internacional de arquitetura 32\" src=\"https:\/\/www.europesays.com\/pt\/wp-content\/uploads\/2025\/11\/casa-em-mesao-frio-felixarqs-daniel-felix-arquitectos_12.jpg\"  data-\/>Foto: Ivo Tavares Studio<\/p>\n<p><img loading=\"lazy\" data-dominant-color=\"7c7b75\" data-has-transparency=\"false\" style=\"--dominant-color: #7c7b75;\" decoding=\"async\" width=\"1024\" height=\"683\" data-id=\"623797\" alt=\"Casa em guimar\u00e3es que nasceu de uma ru\u00edna destacada em portal internacional de arquitetura\" class=\"wp-image-623797 not-transparent perfmatters-lazy\" title=\"Casa em guimar\u00e3es que nasceu de uma ru\u00edna destacada em portal internacional de arquitetura 33\" src=\"https:\/\/www.europesays.com\/pt\/wp-content\/uploads\/2025\/11\/casa-em-mesao-frio-felixarqs-daniel-felix-arquitectos_11.jpg\"  data-\/>Foto: Ivo Tavares Studio<\/p>\n<p><img loading=\"lazy\" data-dominant-color=\"a1a39c\" data-has-transparency=\"false\" style=\"--dominant-color: #a1a39c;\" decoding=\"async\" width=\"1024\" height=\"840\" data-id=\"623796\" alt=\"Casa em guimar\u00e3es que nasceu de uma ru\u00edna destacada em portal internacional de arquitetura\" class=\"wp-image-623796 not-transparent perfmatters-lazy\" title=\"Casa em guimar\u00e3es que nasceu de uma ru\u00edna destacada em portal internacional de arquitetura 34\" src=\"https:\/\/www.europesays.com\/pt\/wp-content\/uploads\/2025\/11\/casa-em-mesao-frio-felixarqs-daniel-felix-arquitectos_10.jpg\"  data-\/>Foto: Ivo Tavares Studio<\/p>\n<p><img loading=\"lazy\" data-dominant-color=\"73888d\" data-has-transparency=\"false\" style=\"--dominant-color: #73888d;\" decoding=\"async\" width=\"1024\" height=\"683\" data-id=\"623795\" alt=\"Casa em guimar\u00e3es que nasceu de uma ru\u00edna destacada em portal internacional de arquitetura\" class=\"wp-image-623795 not-transparent perfmatters-lazy\" title=\"Casa em guimar\u00e3es que nasceu de uma ru\u00edna destacada em portal internacional de arquitetura 35\" src=\"https:\/\/www.europesays.com\/pt\/wp-content\/uploads\/2025\/11\/casa-em-mesao-frio-felixarqs-daniel-felix-arquitectos_9.jpg\"  data-\/>Foto: Ivo Tavares Studio<\/p>\n<p><img loading=\"lazy\" data-dominant-color=\"607171\" data-has-transparency=\"false\" style=\"--dominant-color: #607171;\" decoding=\"async\" width=\"1024\" height=\"768\" data-id=\"623794\" alt=\"Casa em guimar\u00e3es que nasceu de uma ru\u00edna destacada em portal internacional de arquitetura\" class=\"wp-image-623794 not-transparent perfmatters-lazy\" title=\"Casa em guimar\u00e3es que nasceu de uma ru\u00edna destacada em portal internacional de arquitetura 36\" src=\"https:\/\/www.europesays.com\/pt\/wp-content\/uploads\/2025\/11\/casa-em-mesao-frio-felixarqs-daniel-felix-arquitectos_8.jpg\"  data-\/>Foto: Ivo Tavares Studio<\/p>\n<p><img loading=\"lazy\" data-dominant-color=\"868c8d\" data-has-transparency=\"false\" style=\"--dominant-color: #868c8d;\" decoding=\"async\" width=\"667\" height=\"1000\" data-id=\"623793\" alt=\"Casa em guimar\u00e3es que nasceu de uma ru\u00edna destacada em portal internacional de arquitetura\" class=\"wp-image-623793 not-transparent perfmatters-lazy\" title=\"Casa em guimar\u00e3es que nasceu de uma ru\u00edna destacada em portal internacional de arquitetura 37\" src=\"https:\/\/www.europesays.com\/pt\/wp-content\/uploads\/2025\/11\/casa-em-mesao-frio-felixarqs-daniel-felix-arquitectos_7.jpg\"  data-\/>Foto: Ivo Tavares Studio<\/p>\n<p><img loading=\"lazy\" data-dominant-color=\"878d85\" data-has-transparency=\"false\" style=\"--dominant-color: #878d85;\" decoding=\"async\" width=\"1024\" height=\"683\" data-id=\"623792\" alt=\"Casa em guimar\u00e3es que nasceu de uma ru\u00edna destacada em portal internacional de arquitetura\" class=\"wp-image-623792 not-transparent perfmatters-lazy\" title=\"Casa em guimar\u00e3es que nasceu de uma ru\u00edna destacada em portal internacional de arquitetura 38\" src=\"https:\/\/www.europesays.com\/pt\/wp-content\/uploads\/2025\/11\/casa-em-mesao-frio-felixarqs-daniel-felix-arquitectos_6.jpg\"  data-\/>Foto: Ivo Tavares Studio<\/p>\n<p><img loading=\"lazy\" data-dominant-color=\"7f8380\" data-has-transparency=\"false\" style=\"--dominant-color: #7f8380;\" decoding=\"async\" width=\"667\" height=\"1000\" data-id=\"623791\" alt=\"Casa em guimar\u00e3es que nasceu de uma ru\u00edna destacada em portal internacional de arquitetura\" class=\"wp-image-623791 not-transparent perfmatters-lazy\" title=\"Casa em guimar\u00e3es que nasceu de uma ru\u00edna destacada em portal internacional de arquitetura 39\" src=\"https:\/\/www.europesays.com\/pt\/wp-content\/uploads\/2025\/11\/casa-em-mesao-frio-felixarqs-daniel-felix-arquitectos_5.jpg\"  data-\/>Foto: Ivo Tavares Studio<\/p>\n<p><img loading=\"lazy\" data-dominant-color=\"8d8c85\" data-has-transparency=\"false\" style=\"--dominant-color: #8d8c85;\" decoding=\"async\" width=\"1024\" height=\"683\" data-id=\"623790\" alt=\"Casa em guimar\u00e3es que nasceu de uma ru\u00edna destacada em portal internacional de arquitetura\" class=\"wp-image-623790 not-transparent perfmatters-lazy\" title=\"Casa em guimar\u00e3es que nasceu de uma ru\u00edna destacada em portal internacional de arquitetura 40\" src=\"https:\/\/www.europesays.com\/pt\/wp-content\/uploads\/2025\/11\/casa-em-mesao-frio-felixarqs-daniel-felix-arquitectos_4.jpg\"  data-\/>Foto: Ivo Tavares Studio<\/p>\n<p><img loading=\"lazy\" data-dominant-color=\"a5a498\" data-has-transparency=\"false\" style=\"--dominant-color: #a5a498;\" decoding=\"async\" width=\"667\" height=\"1000\" data-id=\"623789\" alt=\"Casa em guimar\u00e3es que nasceu de uma ru\u00edna destacada em portal internacional de arquitetura\" class=\"wp-image-623789 not-transparent perfmatters-lazy\" title=\"Casa em guimar\u00e3es que nasceu de uma ru\u00edna destacada em portal internacional de arquitetura 41\" src=\"https:\/\/www.europesays.com\/pt\/wp-content\/uploads\/2025\/11\/casa-em-mesao-frio-felixarqs-daniel-felix-arquitectos_3.jpg\"  data-\/>Foto: Ivo Tavares Studio<\/p>\n<p><img loading=\"lazy\" data-dominant-color=\"9a978d\" data-has-transparency=\"false\" style=\"--dominant-color: #9a978d;\" decoding=\"async\" width=\"1024\" height=\"683\" data-id=\"623788\" alt=\"Casa em guimar\u00e3es que nasceu de uma ru\u00edna destacada em portal internacional de arquitetura\" class=\"wp-image-623788 not-transparent perfmatters-lazy\" title=\"Casa em guimar\u00e3es que nasceu de uma ru\u00edna destacada em portal internacional de arquitetura 42\" src=\"https:\/\/www.europesays.com\/pt\/wp-content\/uploads\/2025\/11\/casa-em-mesao-frio-felixarqs-daniel-felix-arquitectos_2.jpg\"  data-\/>Foto: Ivo Tavares Studio<\/p>\n<p><img loading=\"lazy\" data-dominant-color=\"a9a6a1\" data-has-transparency=\"false\" style=\"--dominant-color: #a9a6a1;\" decoding=\"async\" width=\"667\" height=\"1000\" data-id=\"623787\" alt=\"Casa em guimar\u00e3es que nasceu de uma ru\u00edna destacada em portal internacional de arquitetura\" class=\"wp-image-623787 not-transparent perfmatters-lazy\" title=\"Casa em guimar\u00e3es que nasceu de uma ru\u00edna destacada em portal internacional de arquitetura 43\" src=\"https:\/\/www.europesays.com\/pt\/wp-content\/uploads\/2025\/11\/casa-em-mesao-frio-felixarqs-daniel-felix-arquitectos_1.jpg\"  data-\/>Foto: Ivo Tavares Studio<\/p>\n<p>De acordo com a mesma fonte, a atmosfera sentida \u201cresulta dessa presen\u00e7a constante da ru\u00edna e dos diversos espa\u00e7os exteriores que define, bem como da abund\u00e2ncia de texturas naturais e constante ilumina\u00e7\u00e3o natural que rasga os v\u00e3os e faz as texturas vibrarem\u201d. <\/p>\n<p>No exterior, a \u201cnobreza da pedra preserva a mem\u00f3ria, no interior a madeira assume o protagonismo para definir espa\u00e7os serenos e vibrantes\u201d.<a href=\"https:\/\/www.archdaily.com.br\/br\/1035866\/casa-em-mesao-frio-felixarqs-daniel-felix-arquitectos\/69110cbab04b1c3c08aea2c5-casa-em-mesao-frio-felixarqs-daniel-felix-arquitectos-foto\" rel=\"noopener nofollow\" target=\"_blank\"><\/p>\n","protected":false},"excerpt":{"rendered":"O projeto da felixARQS \u2013 Daniel f\u00e9lix Arquitectos, que recupera uma ru\u00edna em Guimar\u00e3es, foi destacado recentemente no&hellip;\n","protected":false},"author":2,"featured_media":149671,"comment_status":"","ping_status":"","sticky":false,"template":"","format":"standard","meta":{"footnotes":""},"categories":[144],"tags":[207,205,206,203,201,202,204,114,115,32,33],"class_list":{"0":"post-149670","1":"post","2":"type-post","3":"status-publish","4":"format-standard","5":"has-post-thumbnail","7":"category-arte-e-design","8":"tag-arte","9":"tag-arte-e-design","10":"tag-artedesign","11":"tag-arts","12":"tag-arts-and-design","13":"tag-artsanddesign","14":"tag-design","15":"tag-entertainment","16":"tag-entretenimento","17":"tag-portugal","18":"tag-pt"},"share_on_mastodon":{"url":"https:\/\/pubeurope.com\/@pt\/115538281759634419","error":""},"_links":{"self":[{"href":"https:\/\/www.europesays.com\/pt\/wp-json\/wp\/v2\/posts\/149670","targetHints":{"allow":["GET"]}}],"collection":[{"href":"https:\/\/www.europesays.com\/pt\/wp-json\/wp\/v2\/posts"}],"about":[{"href":"https:\/\/www.europesays.com\/pt\/wp-json\/wp\/v2\/types\/post"}],"author":[{"embeddable":true,"href":"https:\/\/www.europesays.com\/pt\/wp-json\/wp\/v2\/users\/2"}],"replies":[{"embeddable":true,"href":"https:\/\/www.europesays.com\/pt\/wp-json\/wp\/v2\/comments?post=149670"}],"version-history":[{"count":0,"href":"https:\/\/www.europesays.com\/pt\/wp-json\/wp\/v2\/posts\/149670\/revisions"}],"wp:featuredmedia":[{"embeddable":true,"href":"https:\/\/www.europesays.com\/pt\/wp-json\/wp\/v2\/media\/149671"}],"wp:attachment":[{"href":"https:\/\/www.europesays.com\/pt\/wp-json\/wp\/v2\/media?parent=149670"}],"wp:term":[{"taxonomy":"category","embeddable":true,"href":"https:\/\/www.europesays.com\/pt\/wp-json\/wp\/v2\/categories?post=149670"},{"taxonomy":"post_tag","embeddable":true,"href":"https:\/\/www.europesays.com\/pt\/wp-json\/wp\/v2\/tags?post=149670"}],"curies":[{"name":"wp","href":"https:\/\/api.w.org\/{rel}","templated":true}]}}