{"id":149678,"date":"2025-11-12T19:07:10","date_gmt":"2025-11-12T19:07:10","guid":{"rendered":"https:\/\/www.europesays.com\/pt\/149678\/"},"modified":"2025-11-12T19:07:10","modified_gmt":"2025-11-12T19:07:10","slug":"rafa-silva-esta-a-ponderar-terminar-a-carreira","status":"publish","type":"post","link":"https:\/\/www.europesays.com\/pt\/149678\/","title":{"rendered":"Rafa Silva est\u00e1 a ponderar terminar a carreira"},"content":{"rendered":"<p data-remotead-prev-elm=\"true\" data-remotead-elm-id=\"inread\">A informa\u00e7\u00e3o est\u00e1 a ser avan\u00e7ada pelo jornalista turco Ertan S\u00fczg\u00fcn, adiantando que Serdar Adali, presidente do Besiktas, est\u00e1 a tentar demover Rafa da sua inten\u00e7\u00e3o.<\/p>\n<p>Ao que tudo indica, os dois v\u00e3o voltar a reunir-se brevemente.<\/p>\n<p>Esta informa\u00e7\u00e3o surge numa altura em que Rafa Silva, de 32 anos, estar\u00e1 em rota de colis\u00e3o com o atual treinador do Besiktas, Sergen Yalcin, tendo o jornal turco &#8220;Fanatik&#8221; noticiado que Rafa ter\u00e1 mesmo informado a Dire\u00e7\u00e3o do clube de que n\u00e3o voltaria a vestir a camisola do Besiktas enquanto o t\u00e9cnico estivesse \u00e0 frente da equipa.<\/p>\n<p>Recorde-se que, em 2022, quando ainda estava no Benfica, Rafa abdicou de representar Portugal, invocando raz\u00f5es pessoais para a decis\u00e3o.<\/p>\n","protected":false},"excerpt":{"rendered":"A informa\u00e7\u00e3o est\u00e1 a ser avan\u00e7ada pelo jornalista turco Ertan S\u00fczg\u00fcn, adiantando que Serdar Adali, presidente do Besiktas,&hellip;\n","protected":false},"author":2,"featured_media":149679,"comment_status":"","ping_status":"","sticky":false,"template":"","format":"standard","meta":{"footnotes":""},"categories":[87],"tags":[437,135,524,32,33,134],"class_list":{"0":"post-149678","1":"post","2":"type-post","3":"status-publish","4":"format-standard","5":"has-post-thumbnail","7":"category-desporto","8":"tag-besiktas","9":"tag-desporto","10":"tag-futebol","11":"tag-portugal","12":"tag-pt","13":"tag-sports"},"share_on_mastodon":{"url":"https:\/\/pubeurope.com\/@pt\/115538299629286311","error":""},"_links":{"self":[{"href":"https:\/\/www.europesays.com\/pt\/wp-json\/wp\/v2\/posts\/149678","targetHints":{"allow":["GET"]}}],"collection":[{"href":"https:\/\/www.europesays.com\/pt\/wp-json\/wp\/v2\/posts"}],"about":[{"href":"https:\/\/www.europesays.com\/pt\/wp-json\/wp\/v2\/types\/post"}],"author":[{"embeddable":true,"href":"https:\/\/www.europesays.com\/pt\/wp-json\/wp\/v2\/users\/2"}],"replies":[{"embeddable":true,"href":"https:\/\/www.europesays.com\/pt\/wp-json\/wp\/v2\/comments?post=149678"}],"version-history":[{"count":0,"href":"https:\/\/www.europesays.com\/pt\/wp-json\/wp\/v2\/posts\/149678\/revisions"}],"wp:featuredmedia":[{"embeddable":true,"href":"https:\/\/www.europesays.com\/pt\/wp-json\/wp\/v2\/media\/149679"}],"wp:attachment":[{"href":"https:\/\/www.europesays.com\/pt\/wp-json\/wp\/v2\/media?parent=149678"}],"wp:term":[{"taxonomy":"category","embeddable":true,"href":"https:\/\/www.europesays.com\/pt\/wp-json\/wp\/v2\/categories?post=149678"},{"taxonomy":"post_tag","embeddable":true,"href":"https:\/\/www.europesays.com\/pt\/wp-json\/wp\/v2\/tags?post=149678"}],"curies":[{"name":"wp","href":"https:\/\/api.w.org\/{rel}","templated":true}]}}