{"id":149748,"date":"2025-11-12T19:57:12","date_gmt":"2025-11-12T19:57:12","guid":{"rendered":"https:\/\/www.europesays.com\/pt\/149748\/"},"modified":"2025-11-12T19:57:12","modified_gmt":"2025-11-12T19:57:12","slug":"teresa-guilherme-reage-ao-frente-a-frente-de-cristina-ferreira-com-bruno-savate-e-atira-se-a-apresentadora-da-tvi","status":"publish","type":"post","link":"https:\/\/www.europesays.com\/pt\/149748\/","title":{"rendered":"Teresa Guilherme reage ao &#8216;frente a frente&#8217; de Cristina Ferreira com Bruno Savate e atira-se \u00e0 apresentadora da TVI"},"content":{"rendered":"<p>\t\t\t\t\t\t\t\t\t\t\t\t<a href=\"#\" onclick=\"window.open('http:\/\/www.facebook.com\/sharer.php?u=https:\/\/cusquices.com\/teresa-guilherme-reage-ao-frente-a-frente-de-cristina-ferreira-com-bruno-savate-e-atira-se-a-apresentadora-da-tvi\/&amp;t=Teresa Guilherme reage ao \u2018frente a frente\u2019 de Cristina Ferreira com Bruno Savate e atira-se \u00e0 apresentadora da TVI', 'facebookShare', 'width=626,height=436'); return false;\" title=\"Share on Facebook\"><\/p>\n<p>Share<\/p>\n<p><\/a><br \/>\n\t\t\t\t\t\t\t\t\t\t\t\t<a href=\"#\" onclick=\"window.open('http:\/\/twitter.com\/share?text=Teresa Guilherme reage ao \u2018frente a frente\u2019 de Cristina Ferreira com Bruno Savate e atira-se \u00e0 apresentadora da TVI -&amp;url=https:\/\/cusquices.com\/teresa-guilherme-reage-ao-frente-a-frente-de-cristina-ferreira-com-bruno-savate-e-atira-se-a-apresentadora-da-tvi\/', 'twitterShare', 'width=626,height=436'); return false;\" title=\"Tweet This Post\"><\/p>\n<p>Tweet<\/p>\n<p><\/a><br \/>\n\t\t\t\t\t\t\t\t\t\t\t\t<a href=\"whatsapp:\/\/send?text=Teresa Guilherme reage ao \u2018frente a frente\u2019 de Cristina Ferreira com Bruno Savate e atira-se \u00e0 apresentadora da TVI https:\/\/cusquices.com\/teresa-guilherme-reage-ao-frente-a-frente-de-cristina-ferreira-com-bruno-savate-e-atira-se-a-apresentadora-da-tvi\/\" rel=\"nofollow\"><\/p>\n<p>Share<\/p>\n<p><\/a><br \/>\n\t\t\t\t\t\t\t\t\t\t\t\t<a href=\"#\" onclick=\"window.open('http:\/\/pinterest.com\/pin\/create\/button\/?url=https:\/\/cusquices.com\/teresa-guilherme-reage-ao-frente-a-frente-de-cristina-ferreira-com-bruno-savate-e-atira-se-a-apresentadora-da-tvi\/&amp;media=https:\/\/cusquices.com\/wp-content\/uploads\/2025\/11\/teresaguilherme-savatecristina-1000x600.jpg&amp;description=Teresa Guilherme reage ao \u2018frente a frente\u2019 de Cristina Ferreira com Bruno Savate e atira-se \u00e0 apresentadora da TVI', 'pinterestShare', 'width=750,height=350'); return false;\" title=\"Pin This Post\"><\/p>\n<p>Share<\/p>\n<p><\/a><br \/>\n\t\t\t\t\t\t\t\t\t\t\t\t<a href=\"mailto:?subject=Teresa Guilherme reage ao \u2018frente a frente\u2019 de Cristina Ferreira com Bruno Savate e atira-se \u00e0 apresentadora da TVI&amp;BODY=I found this article interesting and thought of sharing it with you. Check it out: https:\/\/cusquices.com\/teresa-guilherme-reage-ao-frente-a-frente-de-cristina-ferreira-com-bruno-savate-e-atira-se-a-apresentadora-da-tvi\/\"><\/p>\n<p>Email<\/p>\n<p><\/a><br \/>\n\t\t\t\t\t\t\t\t\t\t\t\t\t\t\t\t\t\t\t\t\t\t\t\t\t\t\t\t\t\t\t\t\t\t\t\t\t\t\t\t\t\t\t\t\t\t\t\t\t\t\t\t\t<a href=\"https:\/\/cusquices.com\/teresa-guilherme-reage-ao-frente-a-frente-de-cristina-ferreira-com-bruno-savate-e-atira-se-a-apresentadora-da-tvi\/#respond\" rel=\"nofollow noopener\" target=\"_blank\"><\/p>\n<p>Teresa Guilherme toma partido de Bruno Savate e lan\u00e7a novas farpas a Cristina Ferreira.<\/p>\n<p>O frente a frente de<strong> Cristina Ferreira<\/strong> com <strong>Bruno Savate<\/strong> continua a dar que falar e foi um dos temas abordados no \u2018<strong>Manh\u00e3 CM\u2019<\/strong> da <strong>CMTV<\/strong> desta quarta-feira, 12 de novembro. <strong>Teresa Guilherme<\/strong>, conhecida como a \u2018Rainha dos Reality Shows\u2019 n\u00e3o ficou indiferente e tomou o partido de <strong>Bruno Savate,<\/strong> dando mais um arraso a <strong>Cristina Ferreira.<\/strong><\/p>\n<p>O tema foi levantado por L\u00e9o Caeiro, enquanto anunciava os temas em destaque desta manh\u00e3, \u201c<strong>Vamos falar sobre a Cristina Ferreira. Vamos falar sobre a Cristina Ferreira e o Bruno Savate, que voc\u00eas sabem que os dois t\u00eam um ego desmedido e que, na realidade, trocaram oposi\u00e7\u00f5es m\u00fatuas em direto para perceber quem deles tem mais poder e influ\u00eancia. E foi uma pouca vergonha. E qual \u00e9 que tem mais poder e influ\u00eancia? Eu, honestamente, fiquei sem perceber qual dos dois \u00e9 que tem mais poder e influ\u00eancia.<\/strong>\u201c<\/p>\n<p>Teresa Guilherme reagiu de imediato e tomou o partido do veterano dos reality shows: \u201c<strong>Claramente para mim o Savate, porque o Savate \u00e9 um concorrente maravilhoso e n\u00e3o tem medo de nada, ele diz tudo. Ele n\u00e3o tem medo de nada, portanto, o que ele diz \u00e9 verdade<\/strong>\u201c<\/p>\n<p>Teresa Guilherme n\u00e3o se ficou por aqui e atirou novas \u2018farpas\u2019 a Cristina Ferreira: \u201c<strong>Ele tem uma experi\u00eancia em reality shows que mais ningu\u00e9m tem. Porque aquela coisa, ah n\u00e3o, n\u00f3s andamos aqui h\u00e1 25 anos, n\u00e3o \u00e9 o caso da Cristina, n\u00e3o<\/strong>\u201c. A \u201crainha dos reality shows\u201d destacou ainda que s\u00e3o poucos os elementos da equipa de produ\u00e7\u00e3o do programa que permanecem desde a edi\u00e7\u00e3o original: \u00a0<strong>\u201cna pr\u00f3pria demo, tamb\u00e9m j\u00e1 sobra para a\u00ed duas pessoas, das pessoas que faziam os reality no in\u00edcio\u201d.<\/strong><\/p>\n<p>\t\t\t\t\t\t\t\t\t\t\t\t\t\t\t\t\t\t\t\t\t\t\t\t\t<img decoding=\"async\" src=\"https:\/\/www.europesays.com\/pt\/wp-content\/uploads\/2025\/10\/cusquices-logo-52x.png\" class=\"webpexpress-processed\"\/><\/p>\n<p>\t\t\t\t\t\t\t\t\t\t\t\t\t\t\t\t\t\t\t\t\t            \t\t\t\t\t\t\t\t\t\t\t\t\t\t\t\t\t\t\t\t\t\t\t\t\t\t\t\t\t\t\t\t\t\t\t\t\t\t\t<script async src=\"https:\/\/platform.twitter.com\/widgets.js\" charset=\"utf-8\"><\/script><\/p>\n","protected":false},"excerpt":{"rendered":"Share Tweet Share Share Email Teresa Guilherme toma partido de Bruno Savate e lan\u00e7a novas farpas a Cristina&hellip;\n","protected":false},"author":2,"featured_media":149749,"comment_status":"","ping_status":"","sticky":false,"template":"","format":"standard","meta":{"footnotes":""},"categories":[85],"tags":[1253,49,114,115,980,32,33],"class_list":{"0":"post-149748","1":"post","2":"type-post","3":"status-publish","4":"format-standard","5":"has-post-thumbnail","7":"category-entretenimento","8":"tag-bruno-savate","9":"tag-destaques","10":"tag-entertainment","11":"tag-entretenimento","12":"tag-famosos","13":"tag-portugal","14":"tag-pt"},"share_on_mastodon":{"url":"https:\/\/pubeurope.com\/@pt\/115538496517107310","error":""},"_links":{"self":[{"href":"https:\/\/www.europesays.com\/pt\/wp-json\/wp\/v2\/posts\/149748","targetHints":{"allow":["GET"]}}],"collection":[{"href":"https:\/\/www.europesays.com\/pt\/wp-json\/wp\/v2\/posts"}],"about":[{"href":"https:\/\/www.europesays.com\/pt\/wp-json\/wp\/v2\/types\/post"}],"author":[{"embeddable":true,"href":"https:\/\/www.europesays.com\/pt\/wp-json\/wp\/v2\/users\/2"}],"replies":[{"embeddable":true,"href":"https:\/\/www.europesays.com\/pt\/wp-json\/wp\/v2\/comments?post=149748"}],"version-history":[{"count":0,"href":"https:\/\/www.europesays.com\/pt\/wp-json\/wp\/v2\/posts\/149748\/revisions"}],"wp:featuredmedia":[{"embeddable":true,"href":"https:\/\/www.europesays.com\/pt\/wp-json\/wp\/v2\/media\/149749"}],"wp:attachment":[{"href":"https:\/\/www.europesays.com\/pt\/wp-json\/wp\/v2\/media?parent=149748"}],"wp:term":[{"taxonomy":"category","embeddable":true,"href":"https:\/\/www.europesays.com\/pt\/wp-json\/wp\/v2\/categories?post=149748"},{"taxonomy":"post_tag","embeddable":true,"href":"https:\/\/www.europesays.com\/pt\/wp-json\/wp\/v2\/tags?post=149748"}],"curies":[{"name":"wp","href":"https:\/\/api.w.org\/{rel}","templated":true}]}}