{"id":149788,"date":"2025-11-12T20:29:42","date_gmt":"2025-11-12T20:29:42","guid":{"rendered":"https:\/\/www.europesays.com\/pt\/149788\/"},"modified":"2025-11-12T20:29:42","modified_gmt":"2025-11-12T20:29:42","slug":"o-que-muda-para-quem-quer-trocar-de-operadora-de-telecomunicacoes","status":"publish","type":"post","link":"https:\/\/www.europesays.com\/pt\/149788\/","title":{"rendered":"O que muda para quem quer trocar de operadora de telecomunica\u00e7\u00f5es?"},"content":{"rendered":"<p>As operadoras de telecomunica\u00e7\u00f5es est\u00e3o, <a href=\"https:\/\/www.noticiasaominuto.com\/economia\/2885690\/operadoras-proibidas-de-cobrar-portabilidade-de-numeros-a-partir-de-hoje\" target=\"_blank\" rel=\"noopener nofollow\">a partir de segunda-feira<\/a>, proibidas de cobrar aos clientes pela portabilidade do n\u00famero de telem\u00f3vel, segundo a Autoridade Nacional de Comunica\u00e7\u00f5es (Anacom). Na pr\u00e1tica, o que \u00e9 que muda?\u00a0<\/p>\n<p>Novas regras<\/p>\n<p>Em janeiro, foram publicadas, em Di\u00e1rio da Rep\u00fablica, as novas regras para o processo que permite\u00a0manter o n\u00famero de telem\u00f3vel quando se muda de operador.\u00a0Em declara\u00e7\u00f5es \u00e0 Lusa, fonte oficial da Anacom explicou, na altura, que as altera\u00e7\u00f5es pretendem &#8220;refor\u00e7ar a prote\u00e7\u00e3o dos consumidores&#8221;.<\/p>\n<p>Entre estas medidas est\u00e1 a proibi\u00e7\u00e3o de as empresas cobrarem encargos diretos pela portabilidade aos utilizadores finais titulares de contratos associados aos n\u00fameros.<\/p>\n<p>Nova compensa\u00e7\u00e3o aos clientes<\/p>\n<p>A introdu\u00e7\u00e3o de uma nova compensa\u00e7\u00e3o aos clientes por incumprimento do agendamento da &#8220;interven\u00e7\u00e3o f\u00edsica na rede&#8221;, que obrigue \u00e0 remarca\u00e7\u00e3o da mesma para outro dia, foi outro dos pontos destacados pelo regulador.<\/p>\n<p>O valor desta compensa\u00e7\u00e3o foi fixado em 10 euros no novo regulamento, mas a Anacom alertou que s\u00f3 haver\u00e1 lugar ao pagamento dessa compensa\u00e7\u00e3o pelo prestador, isto \u00e9, da nova operadora contratada, &#8220;quando o incumprimento n\u00e3o se deva a motivos imput\u00e1veis ao utilizador final&#8221;.<\/p>\n<p>                                                    <img decoding=\"async\" src=\"https:\/\/www.europesays.com\/pt\/wp-content\/uploads\/2025\/11\/naom_6177b2810b9cb.jpg\" border=\"0\" alt=\"Operadoras proibidas de cobrar portabilidade de n\u00fameros a partir de hoje\"\/><\/p>\n<p>As operadoras de telecomunica\u00e7\u00f5es est\u00e3o, a partir de hoje, proibidas de cobrar aos clientes pela portabilidade do n\u00famero de telem\u00f3vel, segundo a Autoridade Nacional de Comunica\u00e7\u00f5es (Anacom).<\/p>\n<p>                                                     Lusa | 08:16 &#8211; 10\/11\/2025 <\/p>\n<p>Outras mudan\u00e7as<\/p>\n<p>Entre as principais mudan\u00e7as est\u00e1 ainda a obriga\u00e7\u00e3o do prestador recetor (PR) assegurar que a portabilidade e a subsequente ativa\u00e7\u00e3o de n\u00fameros ocorram na data expressamente acordada com o cliente &#8220;no prazo mais curto poss\u00edvel e at\u00e9 um dia \u00fatil a contar daquela data&#8221;.<\/p>\n<p>Al\u00e9m disso, &#8220;em caso de cessa\u00e7\u00e3o do contrato, e salvo se renunciar a esse direito no momento da desativa\u00e7\u00e3o do servi\u00e7o, o utilizador final mant\u00e9m o direito de portar n\u00fameros do PNN [Plano Nacional de Numera\u00e7\u00e3o] para outra empresa&#8221;, acrescentou.<\/p>\n<p>Outras das altera\u00e7\u00f5es introduzidas no regulamento da portabilidade que n\u00e3o decorrem da entrada em vigor da LCE s\u00e3o direcionadas para as empresas do setor, nomeadamente a limita\u00e7\u00e3o do custo grossista que os operadores podem repercutir nas concorrentes pelo servi\u00e7o. Agora, passa a ter um valor m\u00e1ximo de um euro.<\/p>\n<p>O que \u00e9 a portabilidade?<\/p>\n<p>De acordo com a informa\u00e7\u00e3o disponibilizada no site da <a href=\"https:\/\/www.anacom.pt\/render.jsp?categoryId=324335\" target=\"_blank\" rel=\"noopener nofollow\">Anacom<\/a>, &#8220;a portabilidade \u00e9 o processo que lhe permite manter o n\u00famero de telefone quando muda de operador de comunica\u00e7\u00f5es eletr\u00f3nicas&#8221;.<\/p>\n<p>&#8220;Este processo n\u00e3o permite, contudo, manter o mesmo n\u00famero se mudar de servi\u00e7o [e.g.mudar do servi\u00e7o telef\u00f3nico fixo para o servi\u00e7o telef\u00f3nico m\u00f3vel (ou vice-versa) ou do servi\u00e7o de voz sobre o Protocolo Internet (VoIP) n\u00f3mada para o servi\u00e7o telef\u00f3nico fixo ou m\u00f3vel (ou vice-versa)].\u00a0As regras da portabilidade s\u00e3o definidas por lei e por regulamento da Anacom&#8221;, pode ler-se no site do regulador.<\/p>\n<p>Leia Tamb\u00e9m: <a href=\"https:\/\/www.noticiasaominuto.com\/economia\/2885690\/operadoras-proibidas-de-cobrar-portabilidade-de-numeros-a-partir-de-hoje\" target=\"_blank\" rel=\"noopener noreferrer nofollow\">Operadoras proibidas de cobrar portabilidade de n\u00fameros a partir de hoje<\/a><\/p>\n","protected":false},"excerpt":{"rendered":"As operadoras de telecomunica\u00e7\u00f5es est\u00e3o, a partir de segunda-feira, proibidas de cobrar aos clientes pela portabilidade do n\u00famero&hellip;\n","protected":false},"author":2,"featured_media":149789,"comment_status":"","ping_status":"","sticky":false,"template":"","format":"standard","meta":{"footnotes":""},"categories":[83],"tags":[88,89,90,32,33],"class_list":{"0":"post-149788","1":"post","2":"type-post","3":"status-publish","4":"format-standard","5":"has-post-thumbnail","7":"category-empresas","8":"tag-business","9":"tag-economy","10":"tag-empresas","11":"tag-portugal","12":"tag-pt"},"share_on_mastodon":{"url":"https:\/\/pubeurope.com\/@pt\/115538622444695111","error":""},"_links":{"self":[{"href":"https:\/\/www.europesays.com\/pt\/wp-json\/wp\/v2\/posts\/149788","targetHints":{"allow":["GET"]}}],"collection":[{"href":"https:\/\/www.europesays.com\/pt\/wp-json\/wp\/v2\/posts"}],"about":[{"href":"https:\/\/www.europesays.com\/pt\/wp-json\/wp\/v2\/types\/post"}],"author":[{"embeddable":true,"href":"https:\/\/www.europesays.com\/pt\/wp-json\/wp\/v2\/users\/2"}],"replies":[{"embeddable":true,"href":"https:\/\/www.europesays.com\/pt\/wp-json\/wp\/v2\/comments?post=149788"}],"version-history":[{"count":0,"href":"https:\/\/www.europesays.com\/pt\/wp-json\/wp\/v2\/posts\/149788\/revisions"}],"wp:featuredmedia":[{"embeddable":true,"href":"https:\/\/www.europesays.com\/pt\/wp-json\/wp\/v2\/media\/149789"}],"wp:attachment":[{"href":"https:\/\/www.europesays.com\/pt\/wp-json\/wp\/v2\/media?parent=149788"}],"wp:term":[{"taxonomy":"category","embeddable":true,"href":"https:\/\/www.europesays.com\/pt\/wp-json\/wp\/v2\/categories?post=149788"},{"taxonomy":"post_tag","embeddable":true,"href":"https:\/\/www.europesays.com\/pt\/wp-json\/wp\/v2\/tags?post=149788"}],"curies":[{"name":"wp","href":"https:\/\/api.w.org\/{rel}","templated":true}]}}