{"id":149805,"date":"2025-11-12T20:48:20","date_gmt":"2025-11-12T20:48:20","guid":{"rendered":"https:\/\/www.europesays.com\/pt\/149805\/"},"modified":"2025-11-12T20:48:20","modified_gmt":"2025-11-12T20:48:20","slug":"fintech-rauva-ja-leva-mais-de-dois-anos-sem-aprovacao-do-banco-de-portugal-para-comprar-negocio-empresarial-do-montepio","status":"publish","type":"post","link":"https:\/\/www.europesays.com\/pt\/149805\/","title":{"rendered":"&#8216;Fintech&#8217; Rauva j\u00e1 leva mais de dois anos sem aprova\u00e7\u00e3o do Banco de Portugal para comprar neg\u00f3cio empresarial do Montepio"},"content":{"rendered":"<p>A venda do Banco Empresas Montepio (BEM) est\u00e1 engui\u00e7ada, ou assim parece. <strong>Em setembro de 2023, o Banco Montepio anunciava que a <\/strong><strong>startup <\/strong><strong>Rauva iria adquirir, por \u20ac35 milh\u00f5es, o Banco Empresas Montepio (BEM)<\/strong>, livre de ativos e passivos. Ou seja, s\u00f3 com a licen\u00e7a banc\u00e1ria que permite que a tecnol\u00f3gica do sector financeiro (fintech), que fornece servi\u00e7os a pequenas e m\u00e9dias empresas, beneficiando do passaporte banc\u00e1rio europeu, opere em toda a Uni\u00e3o.<\/p>\n<p>Dois anos volvidos, a transa\u00e7\u00e3o ainda n\u00e3o foi consumada. O <strong>Expresso<\/strong> sabe que tem havido avan\u00e7os e recuos no processo de aprova\u00e7\u00e3o pelo Banco de Portugal, tendo a fintech deixado sem resposta clara as quest\u00f5es do regulador, temendo uma prov\u00e1vel obje\u00e7\u00e3o formal \u00e0 compra do BEM.<\/p>\n<p><strong>T\u00eam sido pedidas mais informa\u00e7\u00f5es pelo supervisor portugu\u00eas e pelo Banco Central Europeu<\/strong>, j\u00e1 que a Rauva \u00e9 detida por acionistas n\u00e3o europeus, nomeadamente Sam Mizrahi e Brian David Schachter, ambos canadianos e com neg\u00f3cios no sector imobili\u00e1rio.<\/p>\n<p><a href=\"https:\/\/expresso.pt\/subscrever?action=GEN&amp;channel=VID&amp;type=CAP&amp;source=WEB&amp;returnUrl=https:\/\/expresso.pt\/economia\/sistema-financeiro\/2025-11-12-fintech-rauva-ja-leva-mais-de-dois-anos-sem-aprovacao-do-banco-de-portugal-para-comprar-negocio-empresarial-do-montepio-cc0bd89b&amp;utm_source=expresso&amp;utm_medium=locked_article&amp;locked=true&amp;article_id=26ed4f68-7ec4-4716-8ed8-b43ff1ce610c&amp;author_id=Pedro+Carreira+Garcia,Isabel+Vicente&amp;category=Sistema+financeiro\" target=\"_self\" class=\"\" rel=\"nofollow noopener\">Subscrever<\/a>J\u00e1 \u00e9 Subscritor?Fa\u00e7a login e continue a ler<a href=\"http:\/\/expresso.pt\/codigo?redirectUrl=https:\/\/expresso.pt\/economia\/sistema-financeiro\/2025-11-12-fintech-rauva-ja-leva-mais-de-dois-anos-sem-aprovacao-do-banco-de-portugal-para-comprar-negocio-empresarial-do-montepio-cc0bd89b\" target=\"_self\" class=\"\" rel=\"nofollow noopener\">Inserir C\u00f3digo<\/a>Comprou o Expresso?Insira o c\u00f3digo presente na Revista E para continuar a ler<\/p>\n","protected":false},"excerpt":{"rendered":"A venda do Banco Empresas Montepio (BEM) est\u00e1 engui\u00e7ada, ou assim parece. Em setembro de 2023, o Banco&hellip;\n","protected":false},"author":2,"featured_media":149806,"comment_status":"","ping_status":"","sticky":false,"template":"","format":"standard","meta":{"footnotes":""},"categories":[83],"tags":[88,89,90,32,33],"class_list":{"0":"post-149805","1":"post","2":"type-post","3":"status-publish","4":"format-standard","5":"has-post-thumbnail","7":"category-empresas","8":"tag-business","9":"tag-economy","10":"tag-empresas","11":"tag-portugal","12":"tag-pt"},"share_on_mastodon":{"url":"https:\/\/pubeurope.com\/@pt\/115538697189858415","error":""},"_links":{"self":[{"href":"https:\/\/www.europesays.com\/pt\/wp-json\/wp\/v2\/posts\/149805","targetHints":{"allow":["GET"]}}],"collection":[{"href":"https:\/\/www.europesays.com\/pt\/wp-json\/wp\/v2\/posts"}],"about":[{"href":"https:\/\/www.europesays.com\/pt\/wp-json\/wp\/v2\/types\/post"}],"author":[{"embeddable":true,"href":"https:\/\/www.europesays.com\/pt\/wp-json\/wp\/v2\/users\/2"}],"replies":[{"embeddable":true,"href":"https:\/\/www.europesays.com\/pt\/wp-json\/wp\/v2\/comments?post=149805"}],"version-history":[{"count":0,"href":"https:\/\/www.europesays.com\/pt\/wp-json\/wp\/v2\/posts\/149805\/revisions"}],"wp:featuredmedia":[{"embeddable":true,"href":"https:\/\/www.europesays.com\/pt\/wp-json\/wp\/v2\/media\/149806"}],"wp:attachment":[{"href":"https:\/\/www.europesays.com\/pt\/wp-json\/wp\/v2\/media?parent=149805"}],"wp:term":[{"taxonomy":"category","embeddable":true,"href":"https:\/\/www.europesays.com\/pt\/wp-json\/wp\/v2\/categories?post=149805"},{"taxonomy":"post_tag","embeddable":true,"href":"https:\/\/www.europesays.com\/pt\/wp-json\/wp\/v2\/tags?post=149805"}],"curies":[{"name":"wp","href":"https:\/\/api.w.org\/{rel}","templated":true}]}}