{"id":149816,"date":"2025-11-12T20:58:11","date_gmt":"2025-11-12T20:58:11","guid":{"rendered":"https:\/\/www.europesays.com\/pt\/149816\/"},"modified":"2025-11-12T20:58:11","modified_gmt":"2025-11-12T20:58:11","slug":"a-empregada-sydney-sweeney-e-amanda-seyfried-vivem-caos-em-trailer","status":"publish","type":"post","link":"https:\/\/www.europesays.com\/pt\/149816\/","title":{"rendered":"A Empregada | Sydney Sweeney e Amanda Seyfried vivem caos em trailer"},"content":{"rendered":"<p>A Empregada | Sydney Sweeney e Amanda Seyfried vivem caos em trailer<\/p>\n<p>\n      Suspense estreia nos cinemas em janeiro do pr\u00f3ximo ano\n    <\/p>\n<p>      <img decoding=\"async\" class=\"reading-time__icon\" src=\"https:\/\/cdn.ome.lt\/static\/omelete25\/img\/clock-icon.svg\" alt=\"Omelete\"\/><\/p>\n<p>\n        1 min de leitura\n      <\/p>\n<p>            <img loading=\"lazy\" decoding=\"async\" class=\"action-buttons__icon\" src=\"https:\/\/cdn.ome.lt\/static\/omelete25\/img\/share-icon.svg\" alt=\"\u00cdcone compartilhamento\" width=\"24\" height=\"24\"\/><\/p>\n<p>        Compartilhar<\/p>\n<p>  <img decoding=\"async\" src=\"https:\/\/cdn.ome.lt\/static\/omelete\/img\/loading.svg\" alt=\"\"\/><\/p>\n<p>  <img decoding=\"async\" class=\"article__cover__image\" data-lazy-src-mob=\"\/\/cdn.ome.lt\/fcaS0DCQj5F7iMJsHwUf4EIm1Qo=\/570x0\/smart\/filters:format(webp)\/uploads\/conteudo\/fotos\/sem_titulo278.webp\" data-lazy-src=\"https:\/\/cdn.ome.lt\/Ol8zr_46RteEnxzqx5BY4--_VOc=\/987x0\/smart\/filters:format(webp)\/uploads\/conteudo\/fotos\/sem_titulo278.webp\" src=\"data:image\/png;base64,iVBORw0KGgoAAAANSUhEUgAAAAEAAAABCAQAAAC1HAwCAAAAC0lEQVR42mNkYAAAAAYAAjCB0C8AAAAASUVORK5CYII=\" alt=\"A Empregada - trailer\" title=\"A Empregada - trailer\" width=\"987\" height=\"555\" fetchpriority=\"high\"\/><\/p>\n<p class=\"article__cover__credits\">\n  Cr\u00e9ditos da imagem:<br \/>\n  Divulga\u00e7\u00e3o\n<\/p>\n<p>O filme de suspense\u00a0<strong>A Empregada\u00a0<\/strong>acaba de ganhar um novo trailer. Assista a seguir.<\/p>\n<p>            Continua depois da Publicidade<\/p>\n<p>O longa \u00e9 estrelado por <strong>Sydney Sweeney\u00a0<\/strong>e\u00a0<strong>Amanda Seyfried<\/strong>. Sweeney interpreta Millie, uma mulher batalhadora que fica aliviada por ter a chance de novo come\u00e7o como empregada dom\u00e9stica de Nina (Seyfried) e Andrew (<strong>Brandon Sklenar<\/strong>), um casal de alta classe. Ela logo descobre que os segredos da fam\u00edlia s\u00e3o muito mais perigosos do que os dela.<\/p>\n<p>A dire\u00e7\u00e3o \u00e9 de <strong>Paul Feig<\/strong>, e o\u00a0roteiro ser\u00e1 adaptado da obra de Freida McFadden por\u00a0<strong>Rebecca Sonnenshine<\/strong>.<\/p>\n<p>A Empregada\u00a0ter\u00e1 sess\u00f5es antecipadas em\u00a0<strong>19 de dezembro<\/strong>, e estreia oficialmente nos cinemas em\u00a0<strong>1\u00ba de janeiro\u00a0<\/strong><strong>de 2026<\/strong>.<\/p>\n<p>          Omelete Recomenda<\/p>\n<p class=\"lgpd__text\">\n      Ao continuar navegando, declaro que estou ciente e concordo com a nossa<br \/>\n      <a class=\"lgpd__link\" href=\"https:\/\/www.omeletecompany.com\/politica-privacidade\" target=\"_blank\" rel=\"nofollow noopener\">Pol\u00edtica de Privacidade<\/a><br \/>\n      bem como manifesto o consentimento quanto ao fornecimento e tratamento dos dados e cookies para as finalidades ali<br \/>\n      constantes.\n    <\/p>\n<p>    Aceitar<\/p>\n","protected":false},"excerpt":{"rendered":"A Empregada | Sydney Sweeney e Amanda Seyfried vivem caos em trailer Suspense estreia nos cinemas em janeiro&hellip;\n","protected":false},"author":2,"featured_media":149817,"comment_status":"","ping_status":"","sticky":false,"template":"","format":"standard","meta":{"footnotes":""},"categories":[140],"tags":[114,115,147,148,146,32,33],"class_list":{"0":"post-149816","1":"post","2":"type-post","3":"status-publish","4":"format-standard","5":"has-post-thumbnail","7":"category-filmes","8":"tag-entertainment","9":"tag-entretenimento","10":"tag-film","11":"tag-filmes","12":"tag-movies","13":"tag-portugal","14":"tag-pt"},"share_on_mastodon":{"url":"https:\/\/pubeurope.com\/@pt\/115538736562959022","error":""},"_links":{"self":[{"href":"https:\/\/www.europesays.com\/pt\/wp-json\/wp\/v2\/posts\/149816","targetHints":{"allow":["GET"]}}],"collection":[{"href":"https:\/\/www.europesays.com\/pt\/wp-json\/wp\/v2\/posts"}],"about":[{"href":"https:\/\/www.europesays.com\/pt\/wp-json\/wp\/v2\/types\/post"}],"author":[{"embeddable":true,"href":"https:\/\/www.europesays.com\/pt\/wp-json\/wp\/v2\/users\/2"}],"replies":[{"embeddable":true,"href":"https:\/\/www.europesays.com\/pt\/wp-json\/wp\/v2\/comments?post=149816"}],"version-history":[{"count":0,"href":"https:\/\/www.europesays.com\/pt\/wp-json\/wp\/v2\/posts\/149816\/revisions"}],"wp:featuredmedia":[{"embeddable":true,"href":"https:\/\/www.europesays.com\/pt\/wp-json\/wp\/v2\/media\/149817"}],"wp:attachment":[{"href":"https:\/\/www.europesays.com\/pt\/wp-json\/wp\/v2\/media?parent=149816"}],"wp:term":[{"taxonomy":"category","embeddable":true,"href":"https:\/\/www.europesays.com\/pt\/wp-json\/wp\/v2\/categories?post=149816"},{"taxonomy":"post_tag","embeddable":true,"href":"https:\/\/www.europesays.com\/pt\/wp-json\/wp\/v2\/tags?post=149816"}],"curies":[{"name":"wp","href":"https:\/\/api.w.org\/{rel}","templated":true}]}}