{"id":149826,"date":"2025-11-12T21:06:35","date_gmt":"2025-11-12T21:06:35","guid":{"rendered":"https:\/\/www.europesays.com\/pt\/149826\/"},"modified":"2025-11-12T21:06:35","modified_gmt":"2025-11-12T21:06:35","slug":"uber-e-sindicato-com-acordo-historico-para-protecao-de-trabalhadores","status":"publish","type":"post","link":"https:\/\/www.europesays.com\/pt\/149826\/","title":{"rendered":"Uber e sindicato com acordo &#8220;hist\u00f3rico&#8221; para prote\u00e7\u00e3o de trabalhadores"},"content":{"rendered":"<p data-remotead-prev-elm=\"true\" data-remotead-elm-id=\"inread\">Em comunicado, a Uber sublinha que o acordo &#8220;introduz um novo modelo de representa\u00e7\u00e3o&#8221; adaptado \u00e0 realidade do trabalho atrav\u00e9s de plataformas digitais, que permitir\u00e1 a &#8220;todos os motoristas e estafetas escolher se pretendem ser representados e a forma como o fazem, consoante os seus n\u00edveis de atividade&#8221;.<\/p>\n<p>Segundo a nota, o acordo representa um <strong>&#8220;marco hist\u00f3rico para o setor&#8221;<\/strong>, ao introduzir um modelo &#8220;acess\u00edvel e flex\u00edvel&#8221;, al\u00e9m de um <strong>mecanismo de prote\u00e7\u00e3o universal <\/strong>em caso de incapacidade ou doen\u00e7a e <strong>garantias m\u00ednimas de rendimento <\/strong>em linha com o sal\u00e1rio m\u00ednimo nacional, sem comprometer a liberdade e autonomia que caracterizam a atividade dos motoristas e estafetas.<\/p>\n<p>Atrav\u00e9s deste acordo, o <strong>universo dos trabalhadores da Uber <\/strong>e o SINDEL, filiado na UGT, comprometem-se a promover &#8220;uma melhoria cont\u00ednua das condi\u00e7\u00f5es de quem trabalha atrav\u00e9s da plataforma, pelo di\u00e1logo e a transpar\u00eancia entre as partes&#8221;.<\/p>\n<p data-remotead-prev-elm=\"true\" data-remotead-elm-id=\"centro1\">A <strong>ades\u00e3o \u00e9 totalmente volunt\u00e1ria<\/strong>, garantindo que cada trabalhador &#8220;mant\u00e9m a liberdade para decidir se, quando, onde e como quer trabalhar&#8221;, ficando a Uber Eats respons\u00e1vel por recolher e transferir para o SINDEL os valores correspondentes \u00e0 ades\u00e3o, com base na atividade individual de cada motorista ou estafeta nas suas plataformas.<\/p>\n<p>De acordo com a Uber, s\u00e3o criados dois n\u00edveis de ades\u00e3o: uma modalidade de baixo custo (1,5 euros por m\u00eas), que garante representa\u00e7\u00e3o nas comiss\u00f5es conjuntas entre a Uber e o SINDEL, e a inscri\u00e7\u00e3o como associado, por um valor equivalente a 0,75% dos seus rendimentos nas plataformas (m\u00ednimo 6,5 euros mensais), com acesso a todas as vantagens e servi\u00e7os do sindicato, incluindo apoio jur\u00eddico e benef\u00edcios sociais.<\/p>\n<p>O acordo oferece a todos os motoristas e estafetas que adiram &#8220;um seguro que inclui prote\u00e7\u00f5es em caso de acidente, incapacidade, seja tempor\u00e1ria ou permanente, doen\u00e7a, parentalidade e morte&#8221;.<\/p>\n<p data-remotead-prev-elm=\"true\" data-remotead-elm-id=\"centro2\">O memorando estabelece ainda que a Uber garantir\u00e1 que nenhum estafeta ou motorista que opte por ser representado pelo SINDEL &#8220;ir\u00e1 receber um rendimento inferior ao sal\u00e1rio m\u00ednimo nacional durante os per\u00edodos em que estiverem a prestar servi\u00e7os atrav\u00e9s das suas plataformas, independentemente dos pre\u00e7os praticados junto dos consumidores&#8221;.<\/p>\n<p>Com validade de dois anos, o memorando assinado na ter\u00e7a-feira e que entrar\u00e1 em vigor a partir de janeiro de 2026, prev\u00ea tamb\u00e9m reuni\u00f5es regulares de implementa\u00e7\u00e3o e acompanhamento do acordo, privilegiando a via negocial e o di\u00e1logo na constru\u00e7\u00e3o de solu\u00e7\u00f5es para o setor.<\/p>\n<p>Na assinatura do acordo estiveram presentes o presidente da Uber, Andrew Macdonald, os diretores gerais da Uber e Uber Eats Portugal, Francisco Vila\u00e7a e Francisco Jalles Meneses, respetivamente, o presidente do SINDEL, Jorge Canena Santos, e o secret\u00e1rio-geral da UGT, M\u00e1rio Mour\u00e3o.<\/p>\n","protected":false},"excerpt":{"rendered":"Em comunicado, a Uber sublinha que o acordo &#8220;introduz um novo modelo de representa\u00e7\u00e3o&#8221; adaptado \u00e0 realidade do&hellip;\n","protected":false},"author":2,"featured_media":149827,"comment_status":"","ping_status":"","sticky":false,"template":"","format":"standard","meta":{"footnotes":""},"categories":[10],"tags":[27,28,476,15,16,14,25,26,21,22,12,13,19,20,32,23,24,33,17,18,849,32659,31790,29,30,31],"class_list":{"0":"post-149826","1":"post","2":"type-post","3":"status-publish","4":"format-standard","5":"has-post-thumbnail","7":"category-portugal","8":"tag-breaking-news","9":"tag-breakingnews","10":"tag-economia","11":"tag-featured-news","12":"tag-featurednews","13":"tag-headlines","14":"tag-latest-news","15":"tag-latestnews","16":"tag-main-news","17":"tag-mainnews","18":"tag-news","19":"tag-noticias","20":"tag-noticias-principais","21":"tag-noticiasprincipais","22":"tag-portugal","23":"tag-principais-noticias","24":"tag-principaisnoticias","25":"tag-pt","26":"tag-top-stories","27":"tag-topstories","28":"tag-trabalho","29":"tag-uber-eats","30":"tag-ugt","31":"tag-ultimas","32":"tag-ultimas-noticias","33":"tag-ultimasnoticias"},"share_on_mastodon":{"url":"https:\/\/pubeurope.com\/@pt\/115538767573484713","error":""},"_links":{"self":[{"href":"https:\/\/www.europesays.com\/pt\/wp-json\/wp\/v2\/posts\/149826","targetHints":{"allow":["GET"]}}],"collection":[{"href":"https:\/\/www.europesays.com\/pt\/wp-json\/wp\/v2\/posts"}],"about":[{"href":"https:\/\/www.europesays.com\/pt\/wp-json\/wp\/v2\/types\/post"}],"author":[{"embeddable":true,"href":"https:\/\/www.europesays.com\/pt\/wp-json\/wp\/v2\/users\/2"}],"replies":[{"embeddable":true,"href":"https:\/\/www.europesays.com\/pt\/wp-json\/wp\/v2\/comments?post=149826"}],"version-history":[{"count":0,"href":"https:\/\/www.europesays.com\/pt\/wp-json\/wp\/v2\/posts\/149826\/revisions"}],"wp:featuredmedia":[{"embeddable":true,"href":"https:\/\/www.europesays.com\/pt\/wp-json\/wp\/v2\/media\/149827"}],"wp:attachment":[{"href":"https:\/\/www.europesays.com\/pt\/wp-json\/wp\/v2\/media?parent=149826"}],"wp:term":[{"taxonomy":"category","embeddable":true,"href":"https:\/\/www.europesays.com\/pt\/wp-json\/wp\/v2\/categories?post=149826"},{"taxonomy":"post_tag","embeddable":true,"href":"https:\/\/www.europesays.com\/pt\/wp-json\/wp\/v2\/tags?post=149826"}],"curies":[{"name":"wp","href":"https:\/\/api.w.org\/{rel}","templated":true}]}}