{"id":149830,"date":"2025-11-12T21:11:11","date_gmt":"2025-11-12T21:11:11","guid":{"rendered":"https:\/\/www.europesays.com\/pt\/149830\/"},"modified":"2025-11-12T21:11:11","modified_gmt":"2025-11-12T21:11:11","slug":"lucas-guimaraes-renova-contrato-com-o-sbt-ate-fim-de-2026-12-11-2025-outro-canal","status":"publish","type":"post","link":"https:\/\/www.europesays.com\/pt\/149830\/","title":{"rendered":"Lucas Guimar\u00e3es renova contrato com o SBT at\u00e9 fim de 2026 &#8211; 12\/11\/2025 &#8211; Outro Canal"},"content":{"rendered":"<p>\n<strong class=\"c-signature__location\">Aracaju <\/strong>\n<\/p>\n<p><a href=\"https:\/\/f5.folha.uol.com.br\/colunistas\/outro-canal\/2025\/05\/aposta-do-sbt-influenciador-lucas-guimaraes-vai-mal-em-audiencia-ate-no-youtube.shtml\" rel=\"nofollow noopener\" target=\"\">Lucas Guimar\u00e3es, ex-marido de Carlinhos Maia<\/a>, renovou seu contrato com o <a href=\"https:\/\/www1.folha.uol.com.br\/folha-topicos\/sbt\/\" rel=\"nofollow noopener\" target=\"_blank\">SBT<\/a>. O apresentador ficar\u00e1 na emissora, pelo menos, at\u00e9 o fim de 2026. Ele comanda o programa Eita Lucas! nas tardes de s\u00e1bado da TV da fam\u00edlia Abravanel.<\/p>\n<p>  <a href=\"https:\/\/f5.folha.uol.com.br\/colunistas\/outro-canal\/\" rel=\"nofollow noopener\" target=\"_blank\"><br \/>\n    <img decoding=\"async\" src=\"https:\/\/www.europesays.com\/pt\/wp-content\/uploads\/2025\/10\/172599691166e09f6f54fe2_1725996911_1x1_xs.jpg\" alt=\"Foto de Outro Canal\" class=\"img-responsive c-lazyload\"\/><\/p>\n<p>  <\/a><\/p>\n<p class=\"author__description\">\n    Cobre diariamente os bastidores das novelas, do telejornalismo e da m\u00eddia esportiva. Tem como titular o jornalista Gabriel Vaquer\n  <\/p>\n","protected":false},"excerpt":{"rendered":"Aracaju Lucas Guimar\u00e3es, ex-marido de Carlinhos Maia, renovou seu contrato com o SBT. O apresentador ficar\u00e1 na emissora,&hellip;\n","protected":false},"author":2,"featured_media":149831,"comment_status":"","ping_status":"","sticky":false,"template":"","format":"standard","meta":{"footnotes":""},"categories":[142],"tags":[219,2185,211,223,114,115,224,225,226,221,220,222,2184,32,33,936,218,228,151,227],"class_list":{"0":"post-149830","1":"post","2":"type-post","3":"status-publish","4":"format-standard","5":"has-post-thumbnail","7":"category-tv","8":"tag-bichos","9":"tag-carlinhos-maia","10":"tag-celebridades","11":"tag-colunistas","12":"tag-entertainment","13":"tag-entretenimento","14":"tag-estranho","15":"tag-eu-amo","16":"tag-fofices","17":"tag-horoscopo","18":"tag-humanos","19":"tag-humor","20":"tag-lucas-guimares","21":"tag-portugal","22":"tag-pt","23":"tag-sbt","24":"tag-televisao","25":"tag-tudo","26":"tag-tv","27":"tag-videos"},"share_on_mastodon":{"url":"https:\/\/pubeurope.com\/@pt\/115538787507293873","error":""},"_links":{"self":[{"href":"https:\/\/www.europesays.com\/pt\/wp-json\/wp\/v2\/posts\/149830","targetHints":{"allow":["GET"]}}],"collection":[{"href":"https:\/\/www.europesays.com\/pt\/wp-json\/wp\/v2\/posts"}],"about":[{"href":"https:\/\/www.europesays.com\/pt\/wp-json\/wp\/v2\/types\/post"}],"author":[{"embeddable":true,"href":"https:\/\/www.europesays.com\/pt\/wp-json\/wp\/v2\/users\/2"}],"replies":[{"embeddable":true,"href":"https:\/\/www.europesays.com\/pt\/wp-json\/wp\/v2\/comments?post=149830"}],"version-history":[{"count":0,"href":"https:\/\/www.europesays.com\/pt\/wp-json\/wp\/v2\/posts\/149830\/revisions"}],"wp:featuredmedia":[{"embeddable":true,"href":"https:\/\/www.europesays.com\/pt\/wp-json\/wp\/v2\/media\/149831"}],"wp:attachment":[{"href":"https:\/\/www.europesays.com\/pt\/wp-json\/wp\/v2\/media?parent=149830"}],"wp:term":[{"taxonomy":"category","embeddable":true,"href":"https:\/\/www.europesays.com\/pt\/wp-json\/wp\/v2\/categories?post=149830"},{"taxonomy":"post_tag","embeddable":true,"href":"https:\/\/www.europesays.com\/pt\/wp-json\/wp\/v2\/tags?post=149830"}],"curies":[{"name":"wp","href":"https:\/\/api.w.org\/{rel}","templated":true}]}}