{"id":149859,"date":"2025-11-12T21:48:38","date_gmt":"2025-11-12T21:48:38","guid":{"rendered":"https:\/\/www.europesays.com\/pt\/149859\/"},"modified":"2025-11-12T21:48:38","modified_gmt":"2025-11-12T21:48:38","slug":"ex-primeira-dama-do-gabao-e-filho-condenados-a-20-anos-de-prisao-por-desvio-de-fundos","status":"publish","type":"post","link":"https:\/\/www.europesays.com\/pt\/149859\/","title":{"rendered":"Ex-primeira-dama do Gab\u00e3o e filho condenados a 20 anos de pris\u00e3o por desvio de fundos"},"content":{"rendered":"<p data-remotead-prev-elm=\"true\" data-remotead-elm-id=\"inread\">&#8220;Sylvia Bongo foi considerada culpada de receber e desviar fundos p\u00fablicos, branqueamento de capitais, apropria\u00e7\u00e3o indevida de fundos e instiga\u00e7\u00e3o \u00e0 falsifica\u00e7\u00e3o&#8221;, afirmou o juiz Jean Mexant Essa Assoumou, do Tribunal Penal Especial de Libreville, ao anunciar a sua decis\u00e3o.<\/p>\n<p>Por seu lado, Noureddin Bongo foi considerado culpado de &#8220;desvio de fundos p\u00fablicos, suborno, usurpa\u00e7\u00e3o de t\u00edtulos e fun\u00e7\u00f5es, branqueamento de capitais agravado e associa\u00e7\u00e3o criminosa&#8221;.<\/p>\n<p>Segundo o magistrado, ambos &#8220;abusaram do poder presidencial&#8221; ap\u00f3s o AVC sofrido pelo Presidente Ali Bongo em 2018.<\/p>\n<p data-remotead-prev-elm=\"true\" data-remotead-elm-id=\"centro1\">Al\u00e9m da pena de pris\u00e3o, o tribunal imp\u00f4s a cada um uma multa de 100 milh\u00f5es de francos CFA (mais de 152 mil euros), enquanto juntos dever\u00e3o pagar 1.000 milh\u00f5es de francos CFA (mais de 1,5 milh\u00f5es de euros) por danos morais ao Estado gabon\u00eas.<\/p>\n<p>O filho da ex-primeira-dama dever\u00e1 pagar ainda mais 1,2 mil milh\u00f5es de francos CFA (cerca de 1,8 milh\u00f5es de euros) por danos financeiros.<\/p>\n<p>Sylvia Bongo, de 62 anos, e o seu filho, de 33, n\u00e3o estiveram presentes no julgamento, que teve in\u00edcio esta segunda-feira, porque abandonaram o pa\u00eds rumo a Angola em maio passado, gra\u00e7as \u00e0 interven\u00e7\u00e3o da Uni\u00e3o Africana (UA).<\/p>\n<p data-remotead-prev-elm=\"true\" data-remotead-elm-id=\"centro2\">Os dois residem agora em Londres e anunciaram recentemente que n\u00e3o regressariam para um julgamento que consideram uma farsa.<\/p>\n<p>Durante o processo, o procurador-geral, Eddy Minang, mostrou imagens de avi\u00f5es privados e de diferentes propriedades imobili\u00e1rias, como a sua mans\u00e3o em Londres e o seu pal\u00e1cio em Marraquexe, Marrocos, adquiridos com dinheiro branqueado.<\/p>\n<p>O procurador afirmou tamb\u00e9m que a ex-primeira-dama recebeu 16 mil milh\u00f5es de francos CFA (mais de 24 milh\u00f5es de euros) para suas &#8220;necessidades pessoais&#8221;, enquanto o ex-assistente pessoal da ex-primeira-dama deu conta em tribunal da compra de joias, vestidos e obras de arte por um valor total entre tr\u00eas e quatro milh\u00f5es de d\u00f3lares anuais, bem como de desvio de fundos p\u00fablicos para contas no Dubai.<\/p>\n<p data-remotead-prev-elm=\"true\" data-remotead-elm-id=\"centro3\">Outra dezena de personalidades pr\u00f3ximas ao Governo do ex-Presidente Bongo est\u00e3o a ser julgadas no \u00e2mbito deste processo, que se estender\u00e1 at\u00e9 ao pr\u00f3ximo dia 14.<\/p>\n<p>Os militares tomaram o poder no Gab\u00e3o em 30 de agosto de 2023, pouco depois de as autoridades eleitorais anunciarem a vit\u00f3ria de Ali Bongo nas controversas elei\u00e7\u00f5es daquele m\u00eas.<\/p>\n<p>A fam\u00edlia do ex-chefe de Estado &#8211; que se tornou Presidente ap\u00f3s a morte de seu pai, Omar Bongo, em 2009 &#8211; ocupava o poder desde 1967.<\/p>\n","protected":false},"excerpt":{"rendered":"&#8220;Sylvia Bongo foi considerada culpada de receber e desviar fundos p\u00fablicos, branqueamento de capitais, apropria\u00e7\u00e3o indevida de fundos&hellip;\n","protected":false},"author":2,"featured_media":149860,"comment_status":"","ping_status":"","sticky":false,"template":"","format":"standard","meta":{"footnotes":""},"categories":[50],"tags":[27,28,15,16,32663,32662,14,25,26,21,22,62,12,13,19,20,23,24,17,18,29,30,31,63,64,65],"class_list":{"0":"post-149859","1":"post","2":"type-post","3":"status-publish","4":"format-standard","5":"has-post-thumbnail","7":"category-mundo","8":"tag-breaking-news","9":"tag-breakingnews","10":"tag-featured-news","11":"tag-featurednews","12":"tag-fundos","13":"tag-gabao","14":"tag-headlines","15":"tag-latest-news","16":"tag-latestnews","17":"tag-main-news","18":"tag-mainnews","19":"tag-mundo","20":"tag-news","21":"tag-noticias","22":"tag-noticias-principais","23":"tag-noticiasprincipais","24":"tag-principais-noticias","25":"tag-principaisnoticias","26":"tag-top-stories","27":"tag-topstories","28":"tag-ultimas","29":"tag-ultimas-noticias","30":"tag-ultimasnoticias","31":"tag-world","32":"tag-world-news","33":"tag-worldnews"},"share_on_mastodon":{"url":"https:\/\/pubeurope.com\/@pt\/115538932830708826","error":""},"_links":{"self":[{"href":"https:\/\/www.europesays.com\/pt\/wp-json\/wp\/v2\/posts\/149859","targetHints":{"allow":["GET"]}}],"collection":[{"href":"https:\/\/www.europesays.com\/pt\/wp-json\/wp\/v2\/posts"}],"about":[{"href":"https:\/\/www.europesays.com\/pt\/wp-json\/wp\/v2\/types\/post"}],"author":[{"embeddable":true,"href":"https:\/\/www.europesays.com\/pt\/wp-json\/wp\/v2\/users\/2"}],"replies":[{"embeddable":true,"href":"https:\/\/www.europesays.com\/pt\/wp-json\/wp\/v2\/comments?post=149859"}],"version-history":[{"count":0,"href":"https:\/\/www.europesays.com\/pt\/wp-json\/wp\/v2\/posts\/149859\/revisions"}],"wp:featuredmedia":[{"embeddable":true,"href":"https:\/\/www.europesays.com\/pt\/wp-json\/wp\/v2\/media\/149860"}],"wp:attachment":[{"href":"https:\/\/www.europesays.com\/pt\/wp-json\/wp\/v2\/media?parent=149859"}],"wp:term":[{"taxonomy":"category","embeddable":true,"href":"https:\/\/www.europesays.com\/pt\/wp-json\/wp\/v2\/categories?post=149859"},{"taxonomy":"post_tag","embeddable":true,"href":"https:\/\/www.europesays.com\/pt\/wp-json\/wp\/v2\/tags?post=149859"}],"curies":[{"name":"wp","href":"https:\/\/api.w.org\/{rel}","templated":true}]}}