{"id":149878,"date":"2025-11-12T22:08:13","date_gmt":"2025-11-12T22:08:13","guid":{"rendered":"https:\/\/www.europesays.com\/pt\/149878\/"},"modified":"2025-11-12T22:08:13","modified_gmt":"2025-11-12T22:08:13","slug":"um-verdadeiro-enigma-a-frase-misteriosa-de-cristina-ferreira-que-deixa-qualquer-um-a-pensar-secret-story","status":"publish","type":"post","link":"https:\/\/www.europesays.com\/pt\/149878\/","title":{"rendered":"Um verdadeiro enigma: A frase misteriosa de Cristina Ferreira que deixa qualquer um a pensar &#8211; Secret Story"},"content":{"rendered":"<p><strong>Cristina Ferreira<\/strong> voltou a surpreender os f\u00e3s com uma publica\u00e7\u00e3o nas redes sociais que deixa qualquer um a pensar. A <a href=\"https:\/\/tvi.iol.pt\/secretstory\/ana\/ana-cristina\/tres-homens-e-duas-mulheres-estes-sao-os-nomeados-da-semana\" rel=\"nofollow noopener\" target=\"_blank\"><strong>apresentadora do Secret Story<\/strong><\/a> partilhou uma frase enigm\u00e1tica, que pode tamb\u00e9m ser um lema de vida.<\/p>\n<p>A publica\u00e7\u00e3o foi feita nesta quarta-feira, 12 de novembro, nas stories do Instagram. <strong>\u00abS\u00f3 para que saibas: A vida \u00e9 demasiado tua para que as escolhas sejam feitas pelos outros\u00bb<\/strong>, pode ler-se<a href=\"https:\/\/tvi.iol.pt\/secretstory\/search?pagina=1&amp;pesquisa=cristina+ferreira\" rel=\"nofollow noopener\" target=\"_blank\"> na partilha de Cristina Ferreira.<\/a><\/p>\n<p><strong>Veja tudo aqui:<\/strong><\/p>\n<p style=\"text-align:center\"><img loading=\"lazy\" decoding=\"async\" alt=\"\" height=\"711\" src=\"https:\/\/www.europesays.com\/pt\/wp-content\/uploads\/2025\/11\/6914c41ad34e2bd5c6d3ee7a.webp\" width=\"400\"\/><\/p>\n<p>\u00a0<\/p>\n<p>O que n\u00e3o viu na TV. \u00c9 isto que acontece no camarim de Cristina Ferreira antes da gala <\/p>\n<p style=\"margin-bottom:11px\">Num v\u00eddeo in\u00e9dito, <a href=\"https:\/\/tvi.iol.pt\/secretstory\/video\/bruno-savate-esclarece-situacao-com-cristina-ferreira-posso-dizer-aquilo-que-eu-quero\/691314900cf2559133760e3f\" rel=\"nofollow noopener\" target=\"_blank\">Cristina Ferreira<\/a> partilhou com os seguidores os bastidores de mais uma gala do Secret Story 9. Nas imagens \u00e9 poss\u00edvel ver a transforma\u00e7\u00e3o do visual de Cristina Ferreira, de um look casual para um visual arrojado e de festa.<\/p>\n<p style=\"margin-bottom:11px\">Al\u00e9m disso, \u00e9 poss\u00edvel observar alguns dos momentos que se vivem no camarim de Cristina, quando se est\u00e1 em contagem decrescente para entrar no ar. Veja aqui:\u00a0<\/p>\n<p>\u00a0<\/p>\n","protected":false},"excerpt":{"rendered":"Cristina Ferreira voltou a surpreender os f\u00e3s com uma publica\u00e7\u00e3o nas redes sociais que deixa qualquer um a&hellip;\n","protected":false},"author":2,"featured_media":149879,"comment_status":"","ping_status":"","sticky":false,"template":"","format":"standard","meta":{"footnotes":""},"categories":[142],"tags":[18706,166,114,115,18705,32664,32,33,151,18704],"class_list":{"0":"post-149878","1":"post","2":"type-post","3":"status-publish","4":"format-standard","5":"has-post-thumbnail","7":"category-tv","8":"tag-bastidores-secret-story","9":"tag-cristina-ferreira","10":"tag-entertainment","11":"tag-entretenimento","12":"tag-entrevistas-concorrentes-tvi","13":"tag-frases-enigmaticas","14":"tag-portugal","15":"tag-pt","16":"tag-tv","17":"tag-vida-fora-da-casa"},"share_on_mastodon":{"url":"https:\/\/pubeurope.com\/@pt\/115539011619330017","error":""},"_links":{"self":[{"href":"https:\/\/www.europesays.com\/pt\/wp-json\/wp\/v2\/posts\/149878","targetHints":{"allow":["GET"]}}],"collection":[{"href":"https:\/\/www.europesays.com\/pt\/wp-json\/wp\/v2\/posts"}],"about":[{"href":"https:\/\/www.europesays.com\/pt\/wp-json\/wp\/v2\/types\/post"}],"author":[{"embeddable":true,"href":"https:\/\/www.europesays.com\/pt\/wp-json\/wp\/v2\/users\/2"}],"replies":[{"embeddable":true,"href":"https:\/\/www.europesays.com\/pt\/wp-json\/wp\/v2\/comments?post=149878"}],"version-history":[{"count":0,"href":"https:\/\/www.europesays.com\/pt\/wp-json\/wp\/v2\/posts\/149878\/revisions"}],"wp:featuredmedia":[{"embeddable":true,"href":"https:\/\/www.europesays.com\/pt\/wp-json\/wp\/v2\/media\/149879"}],"wp:attachment":[{"href":"https:\/\/www.europesays.com\/pt\/wp-json\/wp\/v2\/media?parent=149878"}],"wp:term":[{"taxonomy":"category","embeddable":true,"href":"https:\/\/www.europesays.com\/pt\/wp-json\/wp\/v2\/categories?post=149878"},{"taxonomy":"post_tag","embeddable":true,"href":"https:\/\/www.europesays.com\/pt\/wp-json\/wp\/v2\/tags?post=149878"}],"curies":[{"name":"wp","href":"https:\/\/api.w.org\/{rel}","templated":true}]}}