{"id":149890,"date":"2025-11-12T22:16:17","date_gmt":"2025-11-12T22:16:17","guid":{"rendered":"https:\/\/www.europesays.com\/pt\/149890\/"},"modified":"2025-11-12T22:16:17","modified_gmt":"2025-11-12T22:16:17","slug":"maior-erupcao-solar-de-2025-trouxe-auroras-boreais-e-vem-ai-uma-tempestade-canibal-sol","status":"publish","type":"post","link":"https:\/\/www.europesays.com\/pt\/149890\/","title":{"rendered":"Maior erup\u00e7\u00e3o solar de 2025 trouxe auroras boreais e vem a\u00ed uma \u201ctempestade canibal\u201d | Sol"},"content":{"rendered":"<p>Na \u00faltima madrugada, a maior erup\u00e7\u00e3o solar de 2025 provocou uma tempestade geomagn\u00e9tica que fez com que auroras boreais aparecessem em regi\u00f5es mais a sul do que \u00e9 habitual. H\u00e1 alertas de que uma segunda tempestade, que se alimenta da primeira, poder\u00e1 resultar na maior <a href=\"https:\/\/www.publico.pt\/2024\/10\/16\/ciencia\/noticia\/novas-tempestades-solares-fortes-vao-manter-auroras-boreais-locais-menos-habituais-2108061\" rel=\"nofollow noopener\" target=\"_blank\">tempestade solar<\/a> em mais de duas d\u00e9cadas, afectando comunica\u00e7\u00f5es e sistemas de GPS.<\/p>\n<p>A <a href=\"https:\/\/www.publico.pt\/2023\/01\/18\/ciencia\/noticia\/identificadas-novas-pistas-ajudam-erupcoes-solares-2035552\" rel=\"nofollow noopener\" target=\"_blank\">erup\u00e7\u00e3o solar<\/a>, explos\u00e3o na superf\u00edcie do Sol causada por altera\u00e7\u00f5es no seu campo magn\u00e9tico, teve origem numa <a href=\"https:\/\/science.nasa.gov\/sun\/sunspots\/\" rel=\"nofollow noopener\" target=\"_blank\">mancha solar<\/a> (regi\u00e3o mais fria do Sol), designada por AR4274, que apresentava actividade intensa h\u00e1 v\u00e1rios dias. Segundo o <a href=\"https:\/\/www.space.com\/astronomy\/sun\/sun-unleashes-strongest-solar-flare-of-2025-sparking-radio-blackouts-across-africa-and-europe\" target=\"_blank\" rel=\"nofollow noopener\">Space.com<\/a>, site de refer\u00eancia internacional dedicado \u00e0 explora\u00e7\u00e3o espacial, foi na manh\u00e3 de ter\u00e7a-feira que ocorreu esta erup\u00e7\u00e3o solar \u2014 a mais forte do ano e a mais intensa desde Outubro de 2024.<\/p>\n<p>Por si s\u00f3, uma erup\u00e7\u00e3o solar n\u00e3o causa uma <a href=\"https:\/\/www.publico.pt\/2024\/10\/11\/ciencia\/noticia\/terceira-ano-auroras-boreais-voltaram-portugal-2107495\" rel=\"nofollow noopener\" target=\"_blank\">tempestade<\/a><a href=\"https:\/\/www.publico.pt\/2024\/10\/11\/ciencia\/noticia\/terceira-ano-auroras-boreais-voltaram-portugal-2107495\" rel=\"nofollow noopener\" target=\"_blank\"> <\/a><a href=\"https:\/\/www.publico.pt\/2024\/10\/11\/ciencia\/noticia\/terceira-ano-auroras-boreais-voltaram-portugal-2107495\" rel=\"nofollow noopener\" target=\"_blank\">geomagn\u00e9tica<\/a>. As erup\u00e7\u00f5es solares v\u00e3o acontecendo com frequ\u00eancia, mas s\u00f3 quando uma delas vem acompanhada de uma ejec\u00e7\u00e3o de massa coronal (CME, na sigla em ingl\u00eas) direccionada \u00e0 Terra \u00e9 que podemos ter uma tempestade geomagn\u00e9tica intensa.<\/p>\n<p>O <a href=\"https:\/\/www.swpc.noaa.gov\/news\/g4-severe-watch-effect-12-november\" target=\"_blank\" rel=\"nofollow noopener\">alerta <\/a>tinha sido dado na ter\u00e7a-feira pela NOAA, a ag\u00eancia norte-americana para o oceano e a atmosfera, que monitoriza a actividade solar. Para a madrugada da \u00faltima quarta-feira, a institui\u00e7\u00e3o emitiu um aviso de que a Terra podia ser atingida por uma tempestade geomagn\u00e9tica de n\u00edvel G4 (numa escala de G1 a G5, sendo o \u00faltimo o mais grave). E foi.<\/p>\n<p>Essa erup\u00e7\u00e3o solar lan\u00e7ou uma onda de raios X e radia\u00e7\u00e3o ultravioleta em direc\u00e7\u00e3o \u00e0 Terra, o que afectou a atmosfera superior e provocou uma interfer\u00eancia generalizada nas comunica\u00e7\u00f5es e na precis\u00e3o dos sat\u00e9lites de GPS. Segundo o Space.com, foram registados grandes apag\u00f5es de comunica\u00e7\u00f5es r\u00e1dio em v\u00e1rias regi\u00f5es de \u00c1frica e da Europa.<\/p>\n<p>Os <a href=\"https:\/\/www.bgs.ac.uk\/news\/uk-braced-for-what-could-be-the-largest-solar-storm-in-over-two-decades\/\" target=\"_blank\" rel=\"nofollow noopener\">Servi\u00e7os Geol\u00f3gicos Brit\u00e2nicos<\/a> subiram, nesta quarta-feira \u00e0 tarde, em comunicado, o n\u00edvel de alerta geomagn\u00e9tico para a intensidade m\u00e1xima (G5) devido \u00e0 tempestade solar em curso. Os cientistas alertam que uma segunda tempestade, apelidada de \u201ctempestade canibal\u201d, por se alimentar da primeira, poder\u00e1 resultar na maior tempestade solar a atingir a Terra em mais de duas d\u00e9cadas.<\/p>\n<p>        &#13;<\/p>\n<p>&#13;<br \/>\n                &#13;\n            <\/p>\n<p>&#13;<\/p>\n<p>Auroras boreais em baixas latitudes\u200b<\/p>\n<p>As auroras surgem quando as part\u00edculas solares interagem com o campo magn\u00e9tico terrestre. Durante tempestades solares muito fortes, como a que ocorreu na \u00faltima madrugada, as luzes que surgem no c\u00e9u em tonalidades v\u00e1rias podem tornar-se vis\u00edveis em latitudes mais baixas, longe do c\u00edrculo polar.<\/p>\n<p>Em Portugal, na madrugada da \u00faltima quarta-feira, p\u00f4de-se assistir ao fen\u00f3meno da aurora boreal em v\u00e1rios distritos, como Viseu, Coimbra, Bragan\u00e7a e Vila Real. J\u00e1 no ano passado, as auroras boreais nos tinham surpreendido em duas ocasi\u00f5es distintas: em Maio e depois <a href=\"https:\/\/www.publico.pt\/2024\/08\/14\/ciencia\/noticia\/auroras-boreais-voltaram-dar-ar-graca-portugal-2100801\" rel=\"nofollow noopener\" target=\"_blank\">em Agosto<\/a>.<\/p>\n<p>        &#13;<br \/>\n            &#13;<\/p>\n<p>A aurora boreal tamb\u00e9m foi vista em Espanha, como relata, por exemplo, o jornal <a href=\"https:\/\/www.laregion.es\/sociedad\/auroras-boreales-espana-peninsula-vivio_1_20251112-4052963.html\" target=\"_blank\" rel=\"nofollow noopener\">La Region<\/a>. E em Fran\u00e7a, o jornal<a href=\"https:\/\/www.leparisien.fr\/meteo\/les-plus-belles-images-des-aurores-boreales-visibles-cette-nuit-en-france-dautres-a-observer-ce-soir-12-11-2025-ZN4ITL4RWZDWNIVNXSAV7V2S5Q.php\" target=\"_blank\" rel=\"nofollow noopener\"> Le Parisien<\/a> publicou imagens do fen\u00f3meno em v\u00e1rias localidades, incluindo Coulommiers, cidade 60 quil\u00f3metros a este de Paris, e Crepy-en-Valois, a 60 quil\u00f3metros a nordeste da capital.<\/p>\n<p>        &#13;<\/p>\n<blockquote class=\"twitter-tweet\">\n<p lang=\"fr\" dir=\"ltr\">??Superbes <a href=\"https:\/\/twitter.com\/hashtag\/auroresbor%C3%A9ales?src=hash&amp;ref_src=twsrc%5Etfw\" rel=\"nofollow noopener\" target=\"_blank\">#auroresbor\u00e9ales<\/a> cette nuit entre 3h et 5h30 environ sur l\u2019Oise et l\u2019Ile de France. Voici qq photos prises par les internautes de <a href=\"https:\/\/twitter.com\/MeteoNordParis?ref_src=twsrc%5Etfw\" rel=\"nofollow noopener\" target=\"_blank\">@MeteoNordParis<\/a> :<br \/>??Coulommiers (77) par Eli Elo<br \/>??Crepy en Valois (60) par Ludo Nature et Vie<br \/>??Lescherolles (77) par Lucas Thiery<a href=\"https:\/\/twitter.com\/hashtag\/Aurora?src=hash&amp;ref_src=twsrc%5Etfw\" rel=\"nofollow noopener\" target=\"_blank\">#Aurora<\/a> <a href=\"https:\/\/t.co\/uSsWv3fXdJ\" rel=\"nofollow\">pic.twitter.com\/uSsWv3fXdJ<\/a><\/p>\n<p>\u2014 M\u00e9t\u00e9o Nord Parisien ???????? (@MeteoNordParis) <a href=\"https:\/\/twitter.com\/MeteoNordParis\/status\/1988472670963593433?ref_src=twsrc%5Etfw\" rel=\"nofollow noopener\" target=\"_blank\">November 12, 2025<\/a><\/p><\/blockquote>\n<p> &#13;<\/p>\n<p>Noutras partes do mundo, o fen\u00f3meno tamb\u00e9m foi registado: nos Alpes Su\u00ed\u00e7os; na Rep\u00fablica Checa; no M\u00e9xico; e em v\u00e1rios locais dos Estados Unidos. Resta saber se a tempestade canibal que se espera para as pr\u00f3ximas horas tamb\u00e9m resultar\u00e1 em auroras boreais que chegar\u00e3o \u00e0s latitudes onde se encontra Portugal.<\/p>\n<p>Texto editado por Teresa Firmino<\/p>\n<p>            <script async src=\"https:\/\/platform.twitter.com\/widgets.js\" charset=\"utf-8\"><\/script><\/p>\n","protected":false},"excerpt":{"rendered":"Na \u00faltima madrugada, a maior erup\u00e7\u00e3o solar de 2025 provocou uma tempestade geomagn\u00e9tica que fez com que auroras&hellip;\n","protected":false},"author":2,"featured_media":149891,"comment_status":"","ping_status":"","sticky":false,"template":"","format":"standard","meta":{"footnotes":""},"categories":[50],"tags":[10654,27,28,109,1008,15,16,14,25,26,21,22,62,12,13,19,20,23,24,2560,2836,17,18,29,30,31,63,64,65],"class_list":{"0":"post-149890","1":"post","2":"type-post","3":"status-publish","4":"format-standard","5":"has-post-thumbnail","7":"category-mundo","8":"tag-atmosfera","9":"tag-breaking-news","10":"tag-breakingnews","11":"tag-ciencia","12":"tag-espaco","13":"tag-featured-news","14":"tag-featurednews","15":"tag-headlines","16":"tag-latest-news","17":"tag-latestnews","18":"tag-main-news","19":"tag-mainnews","20":"tag-mundo","21":"tag-news","22":"tag-noticias","23":"tag-noticias-principais","24":"tag-noticiasprincipais","25":"tag-principais-noticias","26":"tag-principaisnoticias","27":"tag-sistema-solar","28":"tag-sol","29":"tag-top-stories","30":"tag-topstories","31":"tag-ultimas","32":"tag-ultimas-noticias","33":"tag-ultimasnoticias","34":"tag-world","35":"tag-world-news","36":"tag-worldnews"},"share_on_mastodon":{"url":"https:\/\/pubeurope.com\/@pt\/115539043036443229","error":""},"_links":{"self":[{"href":"https:\/\/www.europesays.com\/pt\/wp-json\/wp\/v2\/posts\/149890","targetHints":{"allow":["GET"]}}],"collection":[{"href":"https:\/\/www.europesays.com\/pt\/wp-json\/wp\/v2\/posts"}],"about":[{"href":"https:\/\/www.europesays.com\/pt\/wp-json\/wp\/v2\/types\/post"}],"author":[{"embeddable":true,"href":"https:\/\/www.europesays.com\/pt\/wp-json\/wp\/v2\/users\/2"}],"replies":[{"embeddable":true,"href":"https:\/\/www.europesays.com\/pt\/wp-json\/wp\/v2\/comments?post=149890"}],"version-history":[{"count":0,"href":"https:\/\/www.europesays.com\/pt\/wp-json\/wp\/v2\/posts\/149890\/revisions"}],"wp:featuredmedia":[{"embeddable":true,"href":"https:\/\/www.europesays.com\/pt\/wp-json\/wp\/v2\/media\/149891"}],"wp:attachment":[{"href":"https:\/\/www.europesays.com\/pt\/wp-json\/wp\/v2\/media?parent=149890"}],"wp:term":[{"taxonomy":"category","embeddable":true,"href":"https:\/\/www.europesays.com\/pt\/wp-json\/wp\/v2\/categories?post=149890"},{"taxonomy":"post_tag","embeddable":true,"href":"https:\/\/www.europesays.com\/pt\/wp-json\/wp\/v2\/tags?post=149890"}],"curies":[{"name":"wp","href":"https:\/\/api.w.org\/{rel}","templated":true}]}}