{"id":149911,"date":"2025-11-12T22:35:18","date_gmt":"2025-11-12T22:35:18","guid":{"rendered":"https:\/\/www.europesays.com\/pt\/149911\/"},"modified":"2025-11-12T22:35:18","modified_gmt":"2025-11-12T22:35:18","slug":"antigo-secretario-geral-da-ugt-fica-tetraplegico-em-acidente-de-viacao-perdi-tudo","status":"publish","type":"post","link":"https:\/\/www.europesays.com\/pt\/149911\/","title":{"rendered":"Antigo secret\u00e1rio-geral da UGT fica tetrapl\u00e9gico em acidente de via\u00e7\u00e3o: &#8220;Perdi tudo&#8221;"},"content":{"rendered":"<p data-remotead-prev-elm=\"true\" data-remotead-elm-id=\"inread\">O acidente aconteceu h\u00e1 cerca de duas semanas, num dia com muita chuva. Ao lado da mulher, que seguia ao volante, Torres Couta alertou para o perigo acrescido de circular nesta condi\u00e7\u00e3o. <strong>Por\u00e9m, apresar da precau\u00e7\u00e3o, a viatura onde seguiam foi abalroada por um BMW, que circulava a 180 quil\u00f3metros por hora<\/strong>.<\/p>\n<p>&#8220;Quem conduzia era a minha mulher, e eu at\u00e9 olhei para lhe dizer: &#8216;abranda&#8217;, mas ela ia a 90 quil\u00f3metros por hora, n\u00e3o tinha problema. Nesse preciso momento, vai um BMW, em que o condutor perde o controlo ou pega no telefone, se distrai, e vem bater na nossa traseira. Desliz\u00e1mos quase 300 metros na autoestrada a fazer pi\u00f5es, e fomos chocar contra outro carro&#8221;, relatou o antigo secret\u00e1rio-geral da UGT, em declara\u00e7\u00f5es \u00e0 TVI, numa reportagem sobre sinistralidade emitida na ter\u00e7a-feira.<\/p>\n<p>O violento embate deixou-o, de imediato, tetrapl\u00e9gico. &#8220;Logo no momento em que batemos, eu senti que foi o cinto de seguran\u00e7a que me prendeu e ao prender-me, eu fiquei tetrapl\u00e9gico. Logo&#8221;, continuou Torres Couto, que mal o carro parou constatou que j\u00e1 n\u00e3o tinha qualquer sensibilidade do pesco\u00e7o para baixo. <strong>&#8220;Eu perdi tudo, s\u00f3 pensei que morreria naquele instante&#8221;<\/strong>.<\/p>\n<p>Condutor pediu desculpa<\/p>\n<p data-remotead-prev-elm=\"true\" data-remotead-elm-id=\"centro1\">J\u00e1 dentro da ambul\u00e2ncia, o ex-dirigente sindical foi surpreendido pelo condutor do BMW, respons\u00e1vel pelo acidente, que foi pedir-lhe perd\u00e3o. \u00c0 TVI, Torres Couto confessou que a primeira vontade foi desaparecer, mas garantiu que est\u00e1 &#8220;completamente comprometido&#8221; em melhorar, apesar da sua dolorosa condi\u00e7\u00e3o. &#8220;<strong>Este \u00e9 o maior combate da minha vida. Estou completamente comprometido com este combate.<\/strong> A princ\u00edpio, a minha vontade era morrer, mas desde que estou assim, eu fa\u00e7o tudo com dor, com l\u00e1grimas, com sofrimento horr\u00edvel, para melhorar os meus movimentos&#8221;, garantiu.<\/p>\n<p>Torres Couto apelou ao Governo para uma &#8220;campanha mais agressiva&#8221; contra a sinistralidade, considerando que &#8220;os portugueses s\u00e3o o \u00fanico povo na Europa que conduzem da mesma maneira com muita chuva ou com muito sol&#8221;. <strong>&#8220;Tem que haver uma vigil\u00e2ncia implac\u00e1vel ao uso dos telem\u00f3veis na condu\u00e7\u00e3o&#8221;<\/strong>.<\/p>\n","protected":false},"excerpt":{"rendered":"O acidente aconteceu h\u00e1 cerca de duas semanas, num dia com muita chuva. Ao lado da mulher, que&hellip;\n","protected":false},"author":2,"featured_media":149912,"comment_status":"","ping_status":"","sticky":false,"template":"","format":"standard","meta":{"footnotes":""},"categories":[8],"tags":[1455,27,28,15,16,14,25,26,21,22,619,12,13,19,20,32,23,24,33,13144,17,18,29,30,31],"class_list":{"0":"post-149911","1":"post","2":"type-post","3":"status-publish","4":"format-standard","5":"has-post-thumbnail","7":"category-principais-noticias","8":"tag-acidentes","9":"tag-breaking-news","10":"tag-breakingnews","11":"tag-featured-news","12":"tag-featurednews","13":"tag-headlines","14":"tag-latest-news","15":"tag-latestnews","16":"tag-main-news","17":"tag-mainnews","18":"tag-nacional","19":"tag-news","20":"tag-noticias","21":"tag-noticias-principais","22":"tag-noticiasprincipais","23":"tag-portugal","24":"tag-principais-noticias","25":"tag-principaisnoticias","26":"tag-pt","27":"tag-sinistralidade","28":"tag-top-stories","29":"tag-topstories","30":"tag-ultimas","31":"tag-ultimas-noticias","32":"tag-ultimasnoticias"},"share_on_mastodon":{"url":"https:\/\/pubeurope.com\/@pt\/115539117843350952","error":""},"_links":{"self":[{"href":"https:\/\/www.europesays.com\/pt\/wp-json\/wp\/v2\/posts\/149911","targetHints":{"allow":["GET"]}}],"collection":[{"href":"https:\/\/www.europesays.com\/pt\/wp-json\/wp\/v2\/posts"}],"about":[{"href":"https:\/\/www.europesays.com\/pt\/wp-json\/wp\/v2\/types\/post"}],"author":[{"embeddable":true,"href":"https:\/\/www.europesays.com\/pt\/wp-json\/wp\/v2\/users\/2"}],"replies":[{"embeddable":true,"href":"https:\/\/www.europesays.com\/pt\/wp-json\/wp\/v2\/comments?post=149911"}],"version-history":[{"count":0,"href":"https:\/\/www.europesays.com\/pt\/wp-json\/wp\/v2\/posts\/149911\/revisions"}],"wp:featuredmedia":[{"embeddable":true,"href":"https:\/\/www.europesays.com\/pt\/wp-json\/wp\/v2\/media\/149912"}],"wp:attachment":[{"href":"https:\/\/www.europesays.com\/pt\/wp-json\/wp\/v2\/media?parent=149911"}],"wp:term":[{"taxonomy":"category","embeddable":true,"href":"https:\/\/www.europesays.com\/pt\/wp-json\/wp\/v2\/categories?post=149911"},{"taxonomy":"post_tag","embeddable":true,"href":"https:\/\/www.europesays.com\/pt\/wp-json\/wp\/v2\/tags?post=149911"}],"curies":[{"name":"wp","href":"https:\/\/api.w.org\/{rel}","templated":true}]}}