{"id":149932,"date":"2025-11-12T22:53:18","date_gmt":"2025-11-12T22:53:18","guid":{"rendered":"https:\/\/www.europesays.com\/pt\/149932\/"},"modified":"2025-11-12T22:53:18","modified_gmt":"2025-11-12T22:53:18","slug":"michelle-barros-e-shia-phoenix-se-emocionam-com-reencontro-apos-confinamento-record","status":"publish","type":"post","link":"https:\/\/www.europesays.com\/pt\/149932\/","title":{"rendered":"Michelle Barros e Shia Phoenix se emocionam com reencontro ap\u00f3s confinamento \u2013 Record"},"content":{"rendered":"<p><img decoding=\"async\" data-chromatic=\"ignore\" alt=\"\" class=\"c-image\" loading=\"lazy\" src=\"https:\/\/www.europesays.com\/pt\/wp-content\/uploads\/2025\/11\/MHAZETP6SFGHXGKDHAYBGAIVEI.png\"  width=\"677\" height=\"369\"\/>Eliminados de A Fazenda, Michelle Barros e Shia Phoenix reencontram familiares no Hoje em Dia Edu Moraes\/RECORD <\/p>\n<p class=\"jarvics:base-text-neutral-high-400 base-text-[calc(theme(fontSize.xs)_*_var(--font-size,_1))] base-font-normal base-font-primary base-text-neutral-low-500 base-text-left\">Nesta quarta-feira (12), Michelle Barros e Shia Phoenix, os dois eliminados na vota\u00e7\u00e3o do Super Paiol de <a href=\"https:\/\/record.r7.com\/a-fazenda\/a-fazenda-17\/\" target=\"_blank\" rel=\"noreferrer nofollow noopener\" title=\"https:\/\/record.r7.com\/a-fazenda\/a-fazenda-17\/\"><b>A Fazenda 17<\/b><\/a>, participaram ao vivo do <a href=\"https:\/\/record.r7.com\/hoje-em-dia\/\" rel=\"nofollow noopener\" title=\"https:\/\/record.r7.com\/hoje-em-dia\/\" target=\"_blank\"><b>Hoje em Dia<\/b><\/a>. A jornalista deixou o reality com 5,18% dos votos, e o ator, com 15,31%.<\/p>\n<p class=\"jarvics:base-text-neutral-high-400 base-text-[calc(theme(fontSize.xs)_*_var(--font-size,_1))] base-font-normal base-font-primary base-text-neutral-low-500 base-text-left\">No programa, comandado por Celso Zucatelli, Ana Hickmann e Renata Alves, eles falaram sobre o resultado e contaram como foi sair do confinamento. Michelle disse que viveu uma experi\u00eancia intensa e que j\u00e1 esperava a elimina\u00e7\u00e3o. \u201cA gente sente um pouco de tudo, mas \u00e9 um jogo. Sa\u00ed tranquila e feliz por ter chegado at\u00e9 aqui\u201d, afirmou.<\/p>\n<p class=\"jarvics:base-text-neutral-high-400 base-text-[calc(theme(fontSize.xs)_*_var(--font-size,_1))] base-font-normal base-font-primary base-text-neutral-low-500 base-text-left\">Shia comentou que o tempo no reality foi de aprendizado. \u201cEntrei com uma estrat\u00e9gia, mas l\u00e1 dentro as coisas mudam. Saio com mais autoconhecimento e grato pela oportunidade\u201d, disse.<\/p>\n<p class=\"jarvics:base-text-neutral-high-400 base-text-[calc(theme(fontSize.xs)_*_var(--font-size,_1))] base-font-normal base-font-primary base-text-neutral-low-500 base-text-left\">Durante a participa\u00e7\u00e3o, os dois tamb\u00e9m se divertiram em uma din\u00e2mica. Vendados, um precisava descrever um objeto para que o outro tentasse adivinhar o que era. No fim da brincadeira, eles foram surpreendidos com a presen\u00e7a da fam\u00edlia. O filho de Michelle, Arthur, apareceu no est\u00fadio e emocionou a jornalista. J\u00e1 Shia recebeu o carinho da m\u00e3e, que aproveitou a ocasi\u00e3o para elogiar a nova nora, e do irm\u00e3o g\u00eameo, Jo\u00e3o, durante o reencontro. <\/p>\n<p class=\"jarvics:base-text-neutral-high-400 base-text-[calc(theme(fontSize.xs)_*_var(--font-size,_1))] base-font-normal base-font-primary base-text-neutral-low-500 base-text-left\">A entrevista marcou o primeiro contato do casal, ap\u00f3s quase dois meses de confinamento, com os parentes mais pr\u00f3ximos.<\/p>\n<p class=\"jarvics:base-text-neutral-high-400 base-text-[calc(theme(fontSize.xs)_*_var(--font-size,_1))] base-font-normal base-font-primary base-text-neutral-low-500 base-text-left\">O <a href=\"https:\/\/record.r7.com\/hoje-em-dia\/\" rel=\"nofollow noopener\" title=\"https:\/\/record.r7.com\/hoje-em-dia\/\" target=\"_blank\"><b>Hoje em Dia<\/b><\/a> vai ao ar de segunda a sexta-feira, a partir das 9h30, sob o comando de Ana Hickmann, Celso Zucatelli, Renata Alves e Ticiane Pinheiro. A dire\u00e7\u00e3o \u00e9 de Bruno Gomes e a dire\u00e7\u00e3o art\u00edstica de Cesar Barreto.<\/p>\n<p>Relembre a passagem de Michelle Barros pelo reality rural:<\/p>\n<p class=\"jarvics:base-text-neutral-high-400 base-text-[calc(theme(fontSize.xxs)_*_var(--font-size,_1))] base-font-semibold base-font-primary base-text-neutral-low-500 base-text-left\">O jogo chegou ao fim para Michelle Barros em A Fazenda 17! A jornalista teve uma jornada pac\u00edfica e sem muitas pautas no programa, mas viveu altos, baixos e surpresas. Na sede, ela dividiu comidas e multiplicou o amor. Relembre a passagem da ex-peoa!<\/p>\n<p>Reveja a trajet\u00f3ria de Shia em A Fazenda:<\/p>\n<p class=\"jarvics:base-text-neutral-high-400 base-text-[calc(theme(fontSize.xxs)_*_var(--font-size,_1))] base-font-semibold base-font-primary base-text-neutral-low-500 base-text-left\">As c\u00e2meras de A Fazenda 17 desligaram para Shia Phoenix. Estrategista de carteirinha, o ator protagonizou movimenta\u00e7\u00f5es de jogo arriscada, agitou a competi\u00e7\u00e3o com seus aliados e se envolveu em um romance secreto que passou a dominar a sede; relembre a passagem dele no reality!<\/p>\n<p class=\"jarvics:base-text-neutral-high-400 base-text-[calc(theme(fontSize.little)_*_var(--font-size,_1))] base-font-normal base-font-primary base-text-neutral-low-500 base-text-left\">Reprodu\u00e7\u00e3o\/RECORD<\/p>\n","protected":false},"excerpt":{"rendered":"Eliminados de A Fazenda, Michelle Barros e Shia Phoenix reencontram familiares no Hoje em Dia Edu Moraes\/RECORD Nesta&hellip;\n","protected":false},"author":2,"featured_media":149933,"comment_status":"","ping_status":"","sticky":false,"template":"","format":"standard","meta":{"footnotes":""},"categories":[142],"tags":[657,6500,32669,30211,114,115,6279,17001,32,33,26042,151],"class_list":{"0":"post-149932","1":"post","2":"type-post","3":"status-publish","4":"format-standard","5":"has-post-thumbnail","7":"category-tv","8":"tag-a-fazenda","9":"tag-ana-hickmann","10":"tag-celso-zucatelli","11":"tag-eliminacao","12":"tag-entertainment","13":"tag-entretenimento","14":"tag-hoje-em-dia","15":"tag-michelle-barros","16":"tag-portugal","17":"tag-pt","18":"tag-shia-phoenix","19":"tag-tv"},"share_on_mastodon":{"url":"https:\/\/pubeurope.com\/@pt\/115539188701172372","error":""},"_links":{"self":[{"href":"https:\/\/www.europesays.com\/pt\/wp-json\/wp\/v2\/posts\/149932","targetHints":{"allow":["GET"]}}],"collection":[{"href":"https:\/\/www.europesays.com\/pt\/wp-json\/wp\/v2\/posts"}],"about":[{"href":"https:\/\/www.europesays.com\/pt\/wp-json\/wp\/v2\/types\/post"}],"author":[{"embeddable":true,"href":"https:\/\/www.europesays.com\/pt\/wp-json\/wp\/v2\/users\/2"}],"replies":[{"embeddable":true,"href":"https:\/\/www.europesays.com\/pt\/wp-json\/wp\/v2\/comments?post=149932"}],"version-history":[{"count":0,"href":"https:\/\/www.europesays.com\/pt\/wp-json\/wp\/v2\/posts\/149932\/revisions"}],"wp:featuredmedia":[{"embeddable":true,"href":"https:\/\/www.europesays.com\/pt\/wp-json\/wp\/v2\/media\/149933"}],"wp:attachment":[{"href":"https:\/\/www.europesays.com\/pt\/wp-json\/wp\/v2\/media?parent=149932"}],"wp:term":[{"taxonomy":"category","embeddable":true,"href":"https:\/\/www.europesays.com\/pt\/wp-json\/wp\/v2\/categories?post=149932"},{"taxonomy":"post_tag","embeddable":true,"href":"https:\/\/www.europesays.com\/pt\/wp-json\/wp\/v2\/tags?post=149932"}],"curies":[{"name":"wp","href":"https:\/\/api.w.org\/{rel}","templated":true}]}}