{"id":149936,"date":"2025-11-12T22:55:08","date_gmt":"2025-11-12T22:55:08","guid":{"rendered":"https:\/\/www.europesays.com\/pt\/149936\/"},"modified":"2025-11-12T22:55:08","modified_gmt":"2025-11-12T22:55:08","slug":"em-video-bizarro-primeira-dama-do-df-supera-dupla-de-velozes-e-furiosos","status":"publish","type":"post","link":"https:\/\/www.europesays.com\/pt\/149936\/","title":{"rendered":"Em v\u00eddeo bizarro, primeira-dama do DF supera dupla de \u2018Velozes e Furiosos\u2019"},"content":{"rendered":"<p>A primeira-dama do Distrito Federal (DF), Mayara Rocha, chamou aten\u00e7\u00e3o nas redes sociais ap\u00f3s postar um v\u00eddeo nesta quarta-feira, 12,\u00a0 divulgando a reinaugura\u00e7\u00e3o do Aut\u00f3dromo de Bras\u00edlia. Na filmagem, <strong>a esposa do governador Ibaneis Rocha aparece \u201cdisputando uma corrida\u201d com a dupla de protagonistas da franquia \u201cVelozes e Furiosos\u201d.<\/strong><\/p>\n<blockquote class=\"instagram-media\" style=\"background: #FFF; border: 0; border-radius: 3px; box-shadow: 0 0 1px 0 rgba(0,0,0,0.5),0 1px 10px 0 rgba(0,0,0,0.15); margin: 1px; max-width: 540px; min-width: 326px; padding: 0; width: calc(100% - 2px);\" data-instgrm-captioned=\"\" data-instgrm-permalink=\"https:\/\/www.instagram.com\/reel\/DQ9ucQ3CeUj\/?utm_source=ig_embed&amp;utm_campaign=loading\" data-instgrm-version=\"14\"\/>\n<p><a href=\"https:\/\/istoe.com.br\/ibaneis-sanciona-lei-que-institui-dia-da-memoria-das-vitimas-do-comunismo-no-df\" rel=\"nofollow noopener\" target=\"_blank\">+ Ibaneis sanciona lei que institui \u2018Dia da Mem\u00f3ria das V\u00edtimas do Comunismo\u2019 no DF<\/a><\/p>\n<p>O v\u00eddeo alterna cenas do filme com falas de Mayara, <strong>simulando uma \u201cconversa\u201d entre Dominic Toretto, Brian O\u2019Conner e a primeira-dama.<\/strong> Com dublagem em cima das falas originais, os personagens desafiam a mo\u00e7a para uma corrida \u2013 e, em seguida, a postagem mostra trechos de Mayara dirigindo um carro da Ferrari na pista do Aut\u00f3dromo.<\/p>\n<p style=\"text-align: center;\"><strong>\u201cCarro legal. A primeira-dama sabe dirigir?\u201d, questiona Brian.<\/strong><\/p>\n<blockquote>\n<p style=\"text-align: center;\"><strong>\u201cCom uma pista dessas? Com certeza\u201d, responde Mayara.<\/strong><\/p>\n<\/blockquote>\n<p>Ao final, <strong>a primeira-dama \u201cvence\u201d o desafio e,<\/strong> enquanto sai do ve\u00edculo, anuncia a finaliza\u00e7\u00e3o da primeira etapa da reforma do Aut\u00f3dromo, depois de 11 anos de espera. Segundo informa\u00e7\u00f5es da publica\u00e7\u00e3o, a inaugura\u00e7\u00e3o oficial ocorrer\u00e1 no dia 30 de novembro.<\/p>\n<p><script async src=\"\/\/www.instagram.com\/embed.js\"><\/script><\/p>\n","protected":false},"excerpt":{"rendered":"A primeira-dama do Distrito Federal (DF), Mayara Rocha, chamou aten\u00e7\u00e3o nas redes sociais ap\u00f3s postar um v\u00eddeo nesta&hellip;\n","protected":false},"author":2,"featured_media":149937,"comment_status":"","ping_status":"","sticky":false,"template":"","format":"standard","meta":{"footnotes":""},"categories":[140],"tags":[114,115,147,148,146,32,33],"class_list":{"0":"post-149936","1":"post","2":"type-post","3":"status-publish","4":"format-standard","5":"has-post-thumbnail","7":"category-filmes","8":"tag-entertainment","9":"tag-entretenimento","10":"tag-film","11":"tag-filmes","12":"tag-movies","13":"tag-portugal","14":"tag-pt"},"share_on_mastodon":{"url":"https:\/\/pubeurope.com\/@pt\/115539196392307427","error":""},"_links":{"self":[{"href":"https:\/\/www.europesays.com\/pt\/wp-json\/wp\/v2\/posts\/149936","targetHints":{"allow":["GET"]}}],"collection":[{"href":"https:\/\/www.europesays.com\/pt\/wp-json\/wp\/v2\/posts"}],"about":[{"href":"https:\/\/www.europesays.com\/pt\/wp-json\/wp\/v2\/types\/post"}],"author":[{"embeddable":true,"href":"https:\/\/www.europesays.com\/pt\/wp-json\/wp\/v2\/users\/2"}],"replies":[{"embeddable":true,"href":"https:\/\/www.europesays.com\/pt\/wp-json\/wp\/v2\/comments?post=149936"}],"version-history":[{"count":0,"href":"https:\/\/www.europesays.com\/pt\/wp-json\/wp\/v2\/posts\/149936\/revisions"}],"wp:featuredmedia":[{"embeddable":true,"href":"https:\/\/www.europesays.com\/pt\/wp-json\/wp\/v2\/media\/149937"}],"wp:attachment":[{"href":"https:\/\/www.europesays.com\/pt\/wp-json\/wp\/v2\/media?parent=149936"}],"wp:term":[{"taxonomy":"category","embeddable":true,"href":"https:\/\/www.europesays.com\/pt\/wp-json\/wp\/v2\/categories?post=149936"},{"taxonomy":"post_tag","embeddable":true,"href":"https:\/\/www.europesays.com\/pt\/wp-json\/wp\/v2\/tags?post=149936"}],"curies":[{"name":"wp","href":"https:\/\/api.w.org\/{rel}","templated":true}]}}