{"id":149941,"date":"2025-11-12T23:02:55","date_gmt":"2025-11-12T23:02:55","guid":{"rendered":"https:\/\/www.europesays.com\/pt\/149941\/"},"modified":"2025-11-12T23:02:55","modified_gmt":"2025-11-12T23:02:55","slug":"taiwan-e-o-choque-diplomatico-que-levou-a-china-a-ameacar-lider-do-japao-diario-de-noticias","status":"publish","type":"post","link":"https:\/\/www.europesays.com\/pt\/149941\/","title":{"rendered":"Taiwan e o choque diplom\u00e1tico que levou a China a amea\u00e7ar l\u00edder do Jap\u00e3o &#8211; Di\u00e1rio de Not\u00edcias"},"content":{"rendered":"<ol>\n<li><a href=\"https:\/\/news.google.com\/rss\/articles\/CBMiogFBVV95cUxONEo1ZVZZcWVLclV4MzdNdGJHdEotdmlKbUMyLVVySndwd0JRdnBBUkktWnU4VEpCRmUyNXRHVFI4WEdPSDZIZzgxTGVxa2N4a0pDNHhWMEVJRk52MkhFRG51MmY2LVl5UmVWM2RwLUp4Mk1tcE5aOC1lR0xSOE4yVzEyQzhPR3IyN1dIcGJqNVYwQWctUkxDZTRzSkRvS2plZ1E?oc=5\" target=\"_blank\" rel=\"nofollow noopener\">Taiwan e o choque diplom\u00e1tico que levou a China a amea\u00e7ar l\u00edder do Jap\u00e3o<\/a>&nbsp;&nbsp;Di\u00e1rio de Not\u00edcias<\/li>\n<li><a href=\"https:\/\/news.google.com\/rss\/articles\/CBMikgJBVV95cUxObkF4Vi1FZk4wQlRnSnRfN3E2NjcxaWlNZ2JNS1hfWW1BQWdMaGV3SGs1V3Ntc0p0QlRiQkJvWUJnN1Fvbmd3MzJXaHhUVWZveF85cmV2MmkxdDRFVkg5dmdRTkVDbndZYW9Nb05oSkxBNEw0OE5YWjVfTG5xajJXSU1QWGpPME5jdWFUXzBObHRQMHl6clhwM1hXM0hjTWUyb1JkemtwRzc3Vzl4MGlxcGtscTNHbVh1X1h4bGQtLXFPa1c0dXdmYTBNUURIREFVTy1Jd2dIUTlkRnpTNVVoNVNyVFh1OVF5eERWQ3FCU1pHemVGal9EcmswVl9iaW8tWGZwd3gtQUw3cl9QcGR6d0ZR0gGgAkFVX3lxTFBWRDlaWmtDLWF1Y0M4UmdhVi1iVDF0ejY3SGYxd3Y5R3hadU9fYlQ0SjdLbHJzamZqNWZHMjZHaEdfUkFHQS1RbzlrWkpWWHJrMzRpME1XQmc4cHBlMEpxQzZTbDYtM1BiTkcwWk5rUm91NlUxdUk0T1p2Mm9rd1VJRVZrc0VOZWlkUlN0bDF4RXJNNHdaT2c1YndjQmZxNV9ZYTFXZjZEdC1mTkYxMWFiN2lsWV9wYlN4dFd4bXNJUWxScTM0NnlPZDU4bzc4QWJNRW1GREFiai1lR3dGQUNwVUpUb1puY3hwdTBobEdPT3ZZVXl5czJVempqZUtBNzNtZlVDdmtCam9TN19UcGlvVy1uZUR6VG5jQml3Q1UzWg?oc=5\" target=\"_blank\" rel=\"nofollow noopener\">Fala de premier japonesa sobre Taiwan retoma animosidade hist\u00f3rica entre China e Jap\u00e3o<\/a>&nbsp;&nbsp;O Globo<\/li>\n<li><a href=\"https:\/\/news.google.com\/rss\/articles\/CBMiugFBVV95cUxQNW9xQXJZZDlWYzdaRmx6bFpBX1BGSFRPSDZPRlhQQXVLQnc0ajVrVEcxclRDUkdDZGg2a2xibVJaWWF4NWtjRkhUUWlwaFgtdUFEMHFSSUZzMXN0R25fZFQ4SlB3U2UtRHVpRXhxZjZ0VlFTLXdMSUlzN25MaGEzdjlPNGsyWkJuU1djMmtlcTlqVVp0eWR4b0NqXzlWRnNFbUtJQ0ZDdEFfVjhsdFBlSVdvblJRT1R2dVE?oc=5\" target=\"_blank\" rel=\"nofollow noopener\">Mundo em foco: Jap\u00e3o alerta China sobre Taiwan e Israel avan\u00e7a com pena de morte<\/a>&nbsp;&nbsp;Gazeta do Povo<\/li>\n<li><a href=\"https:\/\/news.google.com\/rss\/articles\/CBMiugFBVV95cUxNZDFEd0dPbTFkLXZmV1hiZkJ1Y3N6T1BYcEtTbHA1d1VZZTI3LWo4TG1TSEw4azlsS3NDc0VVTFRLamhHMy10NGlxVm5lM2w4bTFCZERGTEg5QmxIT1g5MkZaRndiZWJuOXUyd1hFM0w2ZXdYbXA3Q3U4MmQ0T0tjenZ5dHBXX0h1QnVaQjhvNFhBRkpZMFk4WXpQTVhZWlZqYXo4SlZhTzNlSFktYTFjWF8zN0ZuR2xRREE?oc=5\" target=\"_blank\" rel=\"nofollow noopener\">China acusa Jap\u00e3o de desafiar soberania com amea\u00e7as militares sobre Taiwan<\/a>&nbsp;&nbsp;Brasil de Fato<\/li>\n<li><a href=\"https:\/\/news.google.com\/rss\/articles\/CBMitwFBVV95cUxPRkM3NU56UnktcFo2MndGaFNJcHA4T3pNZzFRemVRN0tNODBENG1sallPWnpZV1JvdzlIZTZzbGxqa05heDVBZGE4VERNU185eGE4WHJvWFl2QjhHYWwyeHVsUlFyN0xONUxidHBoamp0MWtGSHdlYjVreWN3bkRoZ0Z6M0p6cm5BamVXLTYtdjkyOW9PMU9GcTQ2bktPbWtCaHRuMEZrR3VQNUVJQmRBQ3U0LWVtem_SAbwBQVVfeXFMT24zMHVXb2J3c0V5OTFYNG1NcV9RUEFHdGh5ZzFvenQ0ZVhBbVJLTGpWb2FtYm1kSkdsbTluc285ZFZjQ2E2LVYyMm5Uc1RranFIQjNFeEhmcjNQakNKMERVdDlaMWN4MDV2RThsV20xVVlNWjdLcnNOUG9wbzhGZ3l6TUsyNV9BSEtJYTlwSTZfS3ZrN0VQTW1maVRmNEFaaHRBUEVsa3E4UjlVbjFkekdOQmtQeFQ2dmpieFQ?oc=5\" target=\"_blank\" rel=\"nofollow noopener\">\u201cCrise existencial\u201d: tens\u00e3o entre China e Jap\u00e3o escala com declara\u00e7\u00f5es sobre Taiwan<\/a>&nbsp;&nbsp;InfoMoney<\/li>\n<\/ol>\n","protected":false},"excerpt":{"rendered":"Taiwan e o choque diplom\u00e1tico que levou a China a amea\u00e7ar l\u00edder do Jap\u00e3o&nbsp;&nbsp;Di\u00e1rio de Not\u00edcias Fala de&hellip;\n","protected":false},"author":2,"featured_media":149942,"comment_status":"","ping_status":"","sticky":false,"template":"","format":"standard","meta":{"footnotes":""},"categories":[50],"tags":[27,28,358,306,15,16,14,82,461,25,26,21,22,62,12,13,19,20,23,24,27910,2365,17,18,29,30,31,63,64,65,7719],"class_list":{"0":"post-149941","1":"post","2":"type-post","3":"status-publish","4":"format-standard","5":"has-post-thumbnail","7":"category-mundo","8":"tag-breaking-news","9":"tag-breakingnews","10":"tag-china","11":"tag-edicao-impressa","12":"tag-featured-news","13":"tag-featurednews","14":"tag-headlines","15":"tag-internacional","16":"tag-japao","17":"tag-latest-news","18":"tag-latestnews","19":"tag-main-news","20":"tag-mainnews","21":"tag-mundo","22":"tag-news","23":"tag-noticias","24":"tag-noticias-principais","25":"tag-noticiasprincipais","26":"tag-principais-noticias","27":"tag-principaisnoticias","28":"tag-sanae-takaichi","29":"tag-taiwan","30":"tag-top-stories","31":"tag-topstories","32":"tag-ultimas","33":"tag-ultimas-noticias","34":"tag-ultimasnoticias","35":"tag-world","36":"tag-world-news","37":"tag-worldnews","38":"tag-xi-jinping"},"share_on_mastodon":{"url":"","error":"Validation failed: Text character limit of 500 exceeded"},"_links":{"self":[{"href":"https:\/\/www.europesays.com\/pt\/wp-json\/wp\/v2\/posts\/149941","targetHints":{"allow":["GET"]}}],"collection":[{"href":"https:\/\/www.europesays.com\/pt\/wp-json\/wp\/v2\/posts"}],"about":[{"href":"https:\/\/www.europesays.com\/pt\/wp-json\/wp\/v2\/types\/post"}],"author":[{"embeddable":true,"href":"https:\/\/www.europesays.com\/pt\/wp-json\/wp\/v2\/users\/2"}],"replies":[{"embeddable":true,"href":"https:\/\/www.europesays.com\/pt\/wp-json\/wp\/v2\/comments?post=149941"}],"version-history":[{"count":0,"href":"https:\/\/www.europesays.com\/pt\/wp-json\/wp\/v2\/posts\/149941\/revisions"}],"wp:featuredmedia":[{"embeddable":true,"href":"https:\/\/www.europesays.com\/pt\/wp-json\/wp\/v2\/media\/149942"}],"wp:attachment":[{"href":"https:\/\/www.europesays.com\/pt\/wp-json\/wp\/v2\/media?parent=149941"}],"wp:term":[{"taxonomy":"category","embeddable":true,"href":"https:\/\/www.europesays.com\/pt\/wp-json\/wp\/v2\/categories?post=149941"},{"taxonomy":"post_tag","embeddable":true,"href":"https:\/\/www.europesays.com\/pt\/wp-json\/wp\/v2\/tags?post=149941"}],"curies":[{"name":"wp","href":"https:\/\/api.w.org\/{rel}","templated":true}]}}