{"id":149943,"date":"2025-11-12T23:04:12","date_gmt":"2025-11-12T23:04:12","guid":{"rendered":"https:\/\/www.europesays.com\/pt\/149943\/"},"modified":"2025-11-12T23:04:12","modified_gmt":"2025-11-12T23:04:12","slug":"ventura-quer-voto-da-ar-a-condenar-humilhacao-em-angola-observador","status":"publish","type":"post","link":"https:\/\/www.europesays.com\/pt\/149943\/","title":{"rendered":"Ventura quer voto da AR a condenar &#8220;humilha\u00e7\u00e3o&#8221; em Angola \u2013 Observador"},"content":{"rendered":"<p>Acompanhe o nosso liveblog sobre <a href=\"https:\/\/observador.pt\/liveblogs\/sindicatos-da-funcao-publica-admitem-aumentar-contestacao-caso-governo-nao-aproxime-posicoes\/\" rel=\"nofollow noopener\" target=\"_blank\">pol\u00edtica<\/a><\/p>\n<p>O l\u00edder do Chega, Andr\u00e9 Ventura, criticou esta quarta-feira as declara\u00e7\u00f5es do Presidente angolano sobre o colonialismo portugu\u00eas e a rea\u00e7\u00e3o de Marcelo Rebelo de Sousa, que quer ver condenada pelo parlamento.<\/p>\n<p>\u201cTodos ouvimos o Presidente da Rep\u00fablica de Angola dizer que os portugueses\u00a0escravizaram os angolanos durante 500 anos, dizer que a responsabilidade pelo atraso\u00a0de Angola e de \u00c1frica \u00e9 dos portugueses, ouvimos isto de viva voz na presen\u00e7a do Presidente\u00a0da Rep\u00fablica de Portugal. Isto \u00e9 inaceit\u00e1vel\u201d, afirmou.<\/p>\n<p>Em declara\u00e7\u00f5es aos jornalistas na Assembleia da Rep\u00fablica, Andr\u00e9 Ventura disse que Marcelo Rebelo de Sousa esteve \u201caos abra\u00e7os com o Presidente de Angola, desvalorizou aquilo que disse o Presidente de Angola e disse que foi um grande marco na\u00a0colabora\u00e7\u00e3o entre os dois pa\u00edses\u201d.<\/p>\n<p>\u201cN\u00e3o, n\u00e3o foi um grande marco, foi uma vergonha e uma humilha\u00e7\u00e3o para Portugal aquilo que\u00a0aconteceu ontem por parte do Presidente angolano, e um Presidente portugu\u00eas digno ter-se-ia\u00a0levantado e virado as costas e teria tido a capacidade de transmitir ao Presidente de\u00a0Angola que n\u00f3s n\u00e3o aceitamos ser humilhados, que n\u00f3s n\u00e3o aceitamos ser vexados e que\u00a0n\u00f3s n\u00e3o aceitamos que nenhum povo, e muito menos os corruptos do MPLA, possam dizer-nos\u00a0como governar ou o que \u00e9 que n\u00f3s fizemos certo ou errado na nossa hist\u00f3ria\u201d, defendeu.<\/p>\n<p>O presidente do Chega referia-se ao discurso de Jo\u00e3o Louren\u00e7o, nas cerim\u00f3nias do 50.\u00ba anivers\u00e1rio da independ\u00eancia de Angola, em Luanda, que contaram com a presen\u00e7a de Marcelo Rebelo de Sousa.<\/p>\n<p>\u201cMal t\u00ednhamos acabado de vencer o colonialismo portugu\u00eas, que nos oprimiu e escravizou durante s\u00e9culos, tivemos de imediato de enfrentar o regime retr\u00f3grado do \u2018apartheid\u2019, que representava uma amea\u00e7a permanente aos povos da \u00c1frica Austral e de Angola em particular, por nos ter agredido, invadido e estar assente na ideia da superioridade de uma ra\u00e7a sobre outra e no segregacionismo como modelo de sociedade\u201d, salientou o chefe de Estado angolano.<\/p>\n<p>O l\u00edder do Chega, que \u00e9 tamb\u00e9m candidato a Presidente da Rep\u00fablica nas elei\u00e7\u00f5es de janeiro, deixou a sua \u201ccondena\u00e7\u00e3o veemente \u00e0quilo que foi dito pelo Presidente\u00a0de Angola\u201d e tamb\u00e9m \u00e0 rea\u00e7\u00e3o de Marcelo Rebelo de Sousa.<\/p>\n<p><strong>\u201cQue foi ficar calado e ir aos abra\u00e7os, vexando-se, mas sobretudo vexando-nos a n\u00f3s\u00a0todos, humilhando o pa\u00eds\u201d,<\/strong> acusou.<\/p>\n<p>Ventura disse que deu \u201cindica\u00e7\u00f5es \u00e0 lideran\u00e7a da bancada parlamentar para avan\u00e7ar rapidamente\u00a0com um voto de condena\u00e7\u00e3o, n\u00e3o s\u00f3 \u00e0s palavras do Presidente da Rep\u00fablica de Angola, como\u00a0ao ato objetivo de humilha\u00e7\u00e3o, de complac\u00eancia e de cumplicidade que o Presidente portugu\u00eas\u00a0assumiu com as for\u00e7as de Angola\u201d.<\/p>\n<p>Dirigindo-se \u201c\u00e0 elite que governa em Angola\u201d, o l\u00edder do Chega considerou que a \u201ccausa do atraso n\u00e3o \u00e9\u00a0o colonialismo portugu\u00eas, nem foi a hist\u00f3ria de Portugal\u201d, mas sim \u201ca corrup\u00e7\u00e3o de 50 anos, em que enriqueceram as elites para empobrecer os povos, e \u00e9 por\u00a0isso que eles continuam a vir para a Europa\u201d.<\/p>\n<p>Andr\u00e9 Ventura defendeu ainda que Portugal n\u00e3o pode continuar a pedir desculpa pelo seu passado, considerando que constitui uma <strong>\u201ctrai\u00e7\u00e3o ao povo portugu\u00eas\u201d,<\/strong> e deve <strong>\u201corgulhar-se da sua Hist\u00f3ria\u201d.<\/strong><\/p>\n<p>Ventura falava aos jornalistas no parlamento, antes de um almo\u00e7o com o presidente do The Heritage Foundation, um \u2018think tank\u2019 conversador norte-americano.<\/p>\n<p>Tamb\u00e9m em declara\u00e7\u00f5es aos jornalistas, Kevin Roberts considerou que Portugal tem um\u00a0\u201cfuturo promissor, em larga medida pelo trabalho heroico que Ventura est\u00e1 a fazer\u201d.<\/p>\n<p>Na ocasi\u00e3o, o l\u00edder do Chega foi questionado tamb\u00e9m sobre sa\u00fade, tendo considerado que \u00e9 preciso \u201cuma reforma profunda\u201d nesta \u00e1rea e lamentado que os seus advers\u00e1rios na corrida da Bel\u00e9m n\u00e3o tenham aceitado o desafio de um debate sobre este tema.<\/p>\n<p>Ventura considerou que \u00e9 preciso fixar os profissionais no SNS e defendeu <strong>\u201cque quem faz as horas que fazem\u00a0os profissionais de sa\u00fade tenham uma isen\u00e7\u00e3o no trabalho extraordin\u00e1rio\u00a0em sede de IRS\u201d.<\/strong><\/p>\n","protected":false},"excerpt":{"rendered":"Acompanhe o nosso liveblog sobre pol\u00edtica O l\u00edder do Chega, Andr\u00e9 Ventura, criticou esta quarta-feira as declara\u00e7\u00f5es do&hellip;\n","protected":false},"author":2,"featured_media":41286,"comment_status":"","ping_status":"","sticky":false,"template":"","format":"standard","meta":{"footnotes":""},"categories":[10],"tags":[3368,1063,27,28,15,16,14,25,26,21,22,62,12,13,19,20,3369,302,32,23,24,33,17,18,1064,29,30,31],"class_list":{"0":"post-149943","1":"post","2":"type-post","3":"status-publish","4":"format-standard","5":"has-post-thumbnail","7":"category-portugal","8":"tag-andru00e9-ventura","9":"tag-angola","10":"tag-breaking-news","11":"tag-breakingnews","12":"tag-featured-news","13":"tag-featurednews","14":"tag-headlines","15":"tag-latest-news","16":"tag-latestnews","17":"tag-main-news","18":"tag-mainnews","19":"tag-mundo","20":"tag-news","21":"tag-noticias","22":"tag-noticias-principais","23":"tag-noticiasprincipais","24":"tag-partido-chega","25":"tag-polu00edtica","26":"tag-portugal","27":"tag-principais-noticias","28":"tag-principaisnoticias","29":"tag-pt","30":"tag-top-stories","31":"tag-topstories","32":"tag-u00c1frica","33":"tag-ultimas","34":"tag-ultimas-noticias","35":"tag-ultimasnoticias"},"share_on_mastodon":{"url":"https:\/\/pubeurope.com\/@pt\/115539231746126762","error":""},"_links":{"self":[{"href":"https:\/\/www.europesays.com\/pt\/wp-json\/wp\/v2\/posts\/149943","targetHints":{"allow":["GET"]}}],"collection":[{"href":"https:\/\/www.europesays.com\/pt\/wp-json\/wp\/v2\/posts"}],"about":[{"href":"https:\/\/www.europesays.com\/pt\/wp-json\/wp\/v2\/types\/post"}],"author":[{"embeddable":true,"href":"https:\/\/www.europesays.com\/pt\/wp-json\/wp\/v2\/users\/2"}],"replies":[{"embeddable":true,"href":"https:\/\/www.europesays.com\/pt\/wp-json\/wp\/v2\/comments?post=149943"}],"version-history":[{"count":0,"href":"https:\/\/www.europesays.com\/pt\/wp-json\/wp\/v2\/posts\/149943\/revisions"}],"wp:featuredmedia":[{"embeddable":true,"href":"https:\/\/www.europesays.com\/pt\/wp-json\/wp\/v2\/media\/41286"}],"wp:attachment":[{"href":"https:\/\/www.europesays.com\/pt\/wp-json\/wp\/v2\/media?parent=149943"}],"wp:term":[{"taxonomy":"category","embeddable":true,"href":"https:\/\/www.europesays.com\/pt\/wp-json\/wp\/v2\/categories?post=149943"},{"taxonomy":"post_tag","embeddable":true,"href":"https:\/\/www.europesays.com\/pt\/wp-json\/wp\/v2\/tags?post=149943"}],"curies":[{"name":"wp","href":"https:\/\/api.w.org\/{rel}","templated":true}]}}