{"id":149952,"date":"2025-11-12T23:11:09","date_gmt":"2025-11-12T23:11:09","guid":{"rendered":"https:\/\/www.europesays.com\/pt\/149952\/"},"modified":"2025-11-12T23:11:09","modified_gmt":"2025-11-12T23:11:09","slug":"execucao-ganha-novo-trailer-assista","status":"publish","type":"post","link":"https:\/\/www.europesays.com\/pt\/149952\/","title":{"rendered":"Execu\u00e7\u00e3o ganha novo trailer, assista"},"content":{"rendered":"<p>O longa\u00a0<strong>Jujutsu Kaisen: Execu\u00e7\u00e3o\u00a0<\/strong>acaba de ganhar um novo\u00a0trailer. Assista acima.<\/p>\n<p>O filme compila os epis\u00f3dios da segunda temporada do anime <strong>Jujutsu Kaisen<\/strong>, al\u00e9m de trazer os dois primeiros cap\u00edtulos do ainda in\u00e9dito terceiro ano.<\/p>\n<p>            Continua depois da Publicidade<\/p>\n<p>A estreia nos cinemas nacionais est\u00e1 marcada para 20 de novembro.<\/p>\n<p>    <strong>Tudo sobre\u00a0Jujutsu Kaisen<\/strong><\/p>\n<p>O anime estreou em outubro de 2020 com 24 epis\u00f3dios. O primeiro filme, Jujutsu Kaisen 0, estreou em dezembro de 2021. Quase dois anos depois, em julho de 2023, a segunda temporada chegou.<\/p>\n<p>Jujutsu Kaisen\u00a0\u00e9 um anime que conta a hist\u00f3ria de Yuji Itadori, que engole o dedo do dem\u00f4nio Sukuna e passa a dividir seu corpo com a entidade, ganhando diversos poderes. Com o tempo ele integra um grupo de Feiticeiros Jujutsu e come\u00e7a a realizar miss\u00f5es pelo Jap\u00e3o, para proteger a humanidade.<\/p>\n<p>O anime \u00e9 lan\u00e7ado originalmente no Brasil pela Crunchyroll, mas tamb\u00e9m pode ser visto na Netflix e, em breve, na Globoplay. O mang\u00e1 \u00e9 publicado por aqui pela editora Panini.<\/p>\n<p>            Continua depois da Publicidade<\/p>\n<p>A nova temporada, vale lembrar, segue com sua estreia confirmada para janeiro de 2026.<\/p>\n","protected":false},"excerpt":{"rendered":"O longa\u00a0Jujutsu Kaisen: Execu\u00e7\u00e3o\u00a0acaba de ganhar um novo\u00a0trailer. Assista acima. O filme compila os epis\u00f3dios da segunda temporada&hellip;\n","protected":false},"author":2,"featured_media":149953,"comment_status":"","ping_status":"","sticky":false,"template":"","format":"standard","meta":{"footnotes":""},"categories":[140],"tags":[114,115,147,148,146,32,33],"class_list":{"0":"post-149952","1":"post","2":"type-post","3":"status-publish","4":"format-standard","5":"has-post-thumbnail","7":"category-filmes","8":"tag-entertainment","9":"tag-entretenimento","10":"tag-film","11":"tag-filmes","12":"tag-movies","13":"tag-portugal","14":"tag-pt"},"share_on_mastodon":{"url":"https:\/\/pubeurope.com\/@pt\/115539259100100604","error":""},"_links":{"self":[{"href":"https:\/\/www.europesays.com\/pt\/wp-json\/wp\/v2\/posts\/149952","targetHints":{"allow":["GET"]}}],"collection":[{"href":"https:\/\/www.europesays.com\/pt\/wp-json\/wp\/v2\/posts"}],"about":[{"href":"https:\/\/www.europesays.com\/pt\/wp-json\/wp\/v2\/types\/post"}],"author":[{"embeddable":true,"href":"https:\/\/www.europesays.com\/pt\/wp-json\/wp\/v2\/users\/2"}],"replies":[{"embeddable":true,"href":"https:\/\/www.europesays.com\/pt\/wp-json\/wp\/v2\/comments?post=149952"}],"version-history":[{"count":0,"href":"https:\/\/www.europesays.com\/pt\/wp-json\/wp\/v2\/posts\/149952\/revisions"}],"wp:featuredmedia":[{"embeddable":true,"href":"https:\/\/www.europesays.com\/pt\/wp-json\/wp\/v2\/media\/149953"}],"wp:attachment":[{"href":"https:\/\/www.europesays.com\/pt\/wp-json\/wp\/v2\/media?parent=149952"}],"wp:term":[{"taxonomy":"category","embeddable":true,"href":"https:\/\/www.europesays.com\/pt\/wp-json\/wp\/v2\/categories?post=149952"},{"taxonomy":"post_tag","embeddable":true,"href":"https:\/\/www.europesays.com\/pt\/wp-json\/wp\/v2\/tags?post=149952"}],"curies":[{"name":"wp","href":"https:\/\/api.w.org\/{rel}","templated":true}]}}