{"id":149962,"date":"2025-11-12T23:18:10","date_gmt":"2025-11-12T23:18:10","guid":{"rendered":"https:\/\/www.europesays.com\/pt\/149962\/"},"modified":"2025-11-12T23:18:10","modified_gmt":"2025-11-12T23:18:10","slug":"torres-couto-ficou-tetraplegico-apos-acidente-de-carro-observador","status":"publish","type":"post","link":"https:\/\/www.europesays.com\/pt\/149962\/","title":{"rendered":"Torres Couto ficou tetrapl\u00e9gico ap\u00f3s acidente de carro \u2013 Observador"},"content":{"rendered":"<p>O fundador da UGT, ex-deputado e eurodeputado do PS, Jos\u00e9 Manuel Torres Couto, ficou tetrapl\u00e9gico na sequ\u00eancia de um acidente de via\u00e7\u00e3o h\u00e1 cerca de duas semanas, durante uma desloca\u00e7\u00e3o entre Lisboa e Set\u00fabal.<\/p>\n<p>\u201cA princ\u00edpio, a minha vontade era morrer, mas agora fa\u00e7o tudo. Com dor, com l\u00e1grimas, com um sofrimento horr\u00edvel, mas fa\u00e7o tudo para melhorar os meus movimentos\u201d, confessou o antigo dirigente sindical <a href=\"https:\/\/cnnportugal.iol.pt\/torres-couto\/tetraplegico\/torres-couto-tetraplegico-apos-acidente-na-autoestrada-este-e-o-maior-combate-da-minha-vida\/20251111\/69144443d34e3caad84b2f6e\" rel=\"nofollow noopener\" target=\"_blank\">em entrevista \u00e0 TVI esta ter\u00e7a-feira<\/a>.<\/p>\n<p>O acidente aconteceu num dia de chuva. \u201cIa na faixa do meio da autoestrada e de repente come\u00e7ou a chover bastante. Quem conduzia era a minha mulher e eu at\u00e9 disse para ela abrandar, mas ela ia a 90 quil\u00f3metros por hora e n\u00e3o tinha como. Nesse preciso momento, vem um BMW, o condutor perde controlo, pega no telefone ou distrai-se, e vem bater na nossa traseira\u201d, explicou.<\/p>\n<p>\u201c<strong>Desliz\u00e1mos quase 300 metros na autoestrada, a fazer pi\u00f5es, e fomos chocar contra outro carro\u201d,<\/strong> prosseguiu Jos\u00e9 Manuel Torres Couto, destacando que, logo no momento em que o carro bateu, sentiu o cinto de seguran\u00e7a pred\u00ea-lo <strong>\u201cAo prender-me, fiquei logo tetrapl\u00e9gico\u201d.<\/strong> Caso n\u00e3o tivesse usado cinto de seguran\u00e7a, o dirigente sindical frisou que teria morrido.<\/p>\n<p>Na entrevista, Jos\u00e9 Manuel Torres Couto recordou que a primeira preocupa\u00e7\u00e3o foi o estado de sa\u00fade da mulher <strong>\u2014 que saiu ilesa do acidente<\/strong>. No entanto, o dirigente sindical pensou inicialmente que a \u201cmulher teria morrido\u201d. \u201cMas eu j\u00e1 n\u00e3o tinha sensibilidade nenhuma do pesco\u00e7o para baixo. Felizmente vi-a fora do carro, o que me deu tranquilidade. <strong>Mas perdi tudo. S\u00f3 pensei que ia morrer naquele instante\u201d<\/strong>, continuou.<\/p>\n<p>Ap\u00f3s o acidente, o fundador da UGT disse que o condutor do BMW \u201centrou na ambul\u00e2ncia\u201d e \u201cpediu-lhe perd\u00e3o\u201d. Torres Couto destacou ainda as <strong>\u201cdores completamente descomunais\u201d<\/strong> que sentiu quando estava na ambul\u00e2ncia. \u201c\u00c9 como receber 300 ou 400 choques el\u00e9tricos a cada instante. <strong>\u00c9 uma coisa horr\u00edvel, horr\u00edvel, horr\u00edvel\u201d,<\/strong> descreveu, acrescentando: \u201cTento lutar, porque a minha fam\u00edlia est\u00e1 desesperada com a situa\u00e7\u00e3o em que me encontro.\u201d<\/p>\n<p>Jos\u00e9 Manuel Torres Couto deixou ainda um alerta sobre a sinistralidade rodovi\u00e1ria: \u201cOs portugueses s\u00e3o o \u00fanico povo da Europa que conduzem da mesma maneira, com muita chuva ou com muito sol. E isso \u00e9 uma causa. A segunda causa s\u00e3o os telem\u00f3veis. <strong>O governo tem que fazer uma campanha mais agressiva e tem de haver uma vigil\u00e2ncia implac\u00e1vel ao uso dos telem\u00f3veis na condu\u00e7\u00e3o\u201d.\u00a0<\/strong><\/p>\n","protected":false},"excerpt":{"rendered":"O fundador da UGT, ex-deputado e eurodeputado do PS, Jos\u00e9 Manuel Torres Couto, ficou tetrapl\u00e9gico na sequ\u00eancia de&hellip;\n","protected":false},"author":2,"featured_media":149963,"comment_status":"","ping_status":"","sticky":false,"template":"","format":"standard","meta":{"footnotes":""},"categories":[10],"tags":[59,8436,27,28,476,15,16,14,25,26,21,22,12,13,19,20,32,23,24,33,2393,58,17,18,849,31790,29,30,31],"class_list":{"0":"post-149962","1":"post","2":"type-post","3":"status-publish","4":"format-standard","5":"has-post-thumbnail","7":"category-portugal","8":"tag-acidente","9":"tag-acidente-rodoviu00e1rio","10":"tag-breaking-news","11":"tag-breakingnews","12":"tag-economia","13":"tag-featured-news","14":"tag-featurednews","15":"tag-headlines","16":"tag-latest-news","17":"tag-latestnews","18":"tag-main-news","19":"tag-mainnews","20":"tag-news","21":"tag-noticias","22":"tag-noticias-principais","23":"tag-noticiasprincipais","24":"tag-portugal","25":"tag-principais-noticias","26":"tag-principaisnoticias","27":"tag-pt","28":"tag-sindicatos","29":"tag-sociedade","30":"tag-top-stories","31":"tag-topstories","32":"tag-trabalho","33":"tag-ugt","34":"tag-ultimas","35":"tag-ultimas-noticias","36":"tag-ultimasnoticias"},"share_on_mastodon":{"url":"https:\/\/pubeurope.com\/@pt\/115539286793894646","error":""},"_links":{"self":[{"href":"https:\/\/www.europesays.com\/pt\/wp-json\/wp\/v2\/posts\/149962","targetHints":{"allow":["GET"]}}],"collection":[{"href":"https:\/\/www.europesays.com\/pt\/wp-json\/wp\/v2\/posts"}],"about":[{"href":"https:\/\/www.europesays.com\/pt\/wp-json\/wp\/v2\/types\/post"}],"author":[{"embeddable":true,"href":"https:\/\/www.europesays.com\/pt\/wp-json\/wp\/v2\/users\/2"}],"replies":[{"embeddable":true,"href":"https:\/\/www.europesays.com\/pt\/wp-json\/wp\/v2\/comments?post=149962"}],"version-history":[{"count":0,"href":"https:\/\/www.europesays.com\/pt\/wp-json\/wp\/v2\/posts\/149962\/revisions"}],"wp:featuredmedia":[{"embeddable":true,"href":"https:\/\/www.europesays.com\/pt\/wp-json\/wp\/v2\/media\/149963"}],"wp:attachment":[{"href":"https:\/\/www.europesays.com\/pt\/wp-json\/wp\/v2\/media?parent=149962"}],"wp:term":[{"taxonomy":"category","embeddable":true,"href":"https:\/\/www.europesays.com\/pt\/wp-json\/wp\/v2\/categories?post=149962"},{"taxonomy":"post_tag","embeddable":true,"href":"https:\/\/www.europesays.com\/pt\/wp-json\/wp\/v2\/tags?post=149962"}],"curies":[{"name":"wp","href":"https:\/\/api.w.org\/{rel}","templated":true}]}}