{"id":149981,"date":"2025-11-12T23:33:08","date_gmt":"2025-11-12T23:33:08","guid":{"rendered":"https:\/\/www.europesays.com\/pt\/149981\/"},"modified":"2025-11-12T23:33:08","modified_gmt":"2025-11-12T23:33:08","slug":"bombeira-de-pedrogao-grande-condenada-a-quatro-anos-de-prisao-por-dois-incendios","status":"publish","type":"post","link":"https:\/\/www.europesays.com\/pt\/149981\/","title":{"rendered":"Bombeira de Pedr\u00f3g\u00e3o Grande condenada a quatro anos de pris\u00e3o por dois inc\u00eandios"},"content":{"rendered":"<p data-remotead-prev-elm=\"true\" data-remotead-elm-id=\"inread\">O coletivo de ju\u00edzes determinou que a pena seja cumprida pela arguida, de 44 anos, em estabelecimento destinado a inimput\u00e1veis.<\/p>\n<p>O relat\u00f3rio da per\u00edcia m\u00e9dico-legal que lhe foi feita demonstra que a arguida, que foi bombeira ativa durante 22 anos e passou ao quadro de reserva dos Bombeiros Volunt\u00e1rios de Pedr\u00f3g\u00e3o Grande em fevereiro de 2024, sofre de uma perturba\u00e7\u00e3o de desenvolvimento intelectual. Mas esta n\u00e3o \u00e9 t\u00e3o grave que a torne imput\u00e1vel, tendo a arguida capacidade suficiente para reconhecer a gravidades factos que praticou, considerou o tribunal.<\/p>\n<p>Os inc\u00eandios, ateados em 2 de junho de 2024, consumiram cerca de 4700 metros quadrados de \u00e1rea florestal, perto do parque de campismo e de uma \u00e1rea residencial de concelho de Pedr\u00f3g\u00e3o Grande.<\/p>\n<p>A arguida seria detida no mesmo dia e sujeita a pris\u00e3o domicili\u00e1ria. Em junho deste ano, inicio do ver\u00e3o, passou para pris\u00e3o preventiva, na cadeia de Tires, por incumprimento das regras subjacentes \u00e0 pris\u00e3o domicili\u00e1ria. Esta quarta-feira, n\u00e3o assistiu \u00e0 leitura da senten\u00e7a, por se encontrar internada no hospital.<\/p>\n","protected":false},"excerpt":{"rendered":"O coletivo de ju\u00edzes determinou que a pena seja cumprida pela arguida, de 44 anos, em estabelecimento destinado&hellip;\n","protected":false},"author":2,"featured_media":149982,"comment_status":"","ping_status":"","sticky":false,"template":"","format":"standard","meta":{"footnotes":""},"categories":[10],"tags":[27,28,15,16,14,2832,603,25,26,21,22,12,13,19,20,9942,32,23,24,33,17,18,29,30,31],"class_list":{"0":"post-149981","1":"post","2":"type-post","3":"status-publish","4":"format-standard","5":"has-post-thumbnail","7":"category-portugal","8":"tag-breaking-news","9":"tag-breakingnews","10":"tag-featured-news","11":"tag-featurednews","12":"tag-headlines","13":"tag-incendios-florestais","14":"tag-justica","15":"tag-latest-news","16":"tag-latestnews","17":"tag-main-news","18":"tag-mainnews","19":"tag-news","20":"tag-noticias","21":"tag-noticias-principais","22":"tag-noticiasprincipais","23":"tag-pedrogao-grande","24":"tag-portugal","25":"tag-principais-noticias","26":"tag-principaisnoticias","27":"tag-pt","28":"tag-top-stories","29":"tag-topstories","30":"tag-ultimas","31":"tag-ultimas-noticias","32":"tag-ultimasnoticias"},"share_on_mastodon":{"url":"https:\/\/pubeurope.com\/@pt\/115539345734371760","error":""},"_links":{"self":[{"href":"https:\/\/www.europesays.com\/pt\/wp-json\/wp\/v2\/posts\/149981","targetHints":{"allow":["GET"]}}],"collection":[{"href":"https:\/\/www.europesays.com\/pt\/wp-json\/wp\/v2\/posts"}],"about":[{"href":"https:\/\/www.europesays.com\/pt\/wp-json\/wp\/v2\/types\/post"}],"author":[{"embeddable":true,"href":"https:\/\/www.europesays.com\/pt\/wp-json\/wp\/v2\/users\/2"}],"replies":[{"embeddable":true,"href":"https:\/\/www.europesays.com\/pt\/wp-json\/wp\/v2\/comments?post=149981"}],"version-history":[{"count":0,"href":"https:\/\/www.europesays.com\/pt\/wp-json\/wp\/v2\/posts\/149981\/revisions"}],"wp:featuredmedia":[{"embeddable":true,"href":"https:\/\/www.europesays.com\/pt\/wp-json\/wp\/v2\/media\/149982"}],"wp:attachment":[{"href":"https:\/\/www.europesays.com\/pt\/wp-json\/wp\/v2\/media?parent=149981"}],"wp:term":[{"taxonomy":"category","embeddable":true,"href":"https:\/\/www.europesays.com\/pt\/wp-json\/wp\/v2\/categories?post=149981"},{"taxonomy":"post_tag","embeddable":true,"href":"https:\/\/www.europesays.com\/pt\/wp-json\/wp\/v2\/tags?post=149981"}],"curies":[{"name":"wp","href":"https:\/\/api.w.org\/{rel}","templated":true}]}}