{"id":150007,"date":"2025-11-12T23:59:11","date_gmt":"2025-11-12T23:59:11","guid":{"rendered":"https:\/\/www.europesays.com\/pt\/150007\/"},"modified":"2025-11-12T23:59:11","modified_gmt":"2025-11-12T23:59:11","slug":"novo-teaser-de-anaconda-mostra-ataque-da-cobra-veja","status":"publish","type":"post","link":"https:\/\/www.europesays.com\/pt\/150007\/","title":{"rendered":"Novo teaser de Anaconda mostra ataque da cobra; veja"},"content":{"rendered":"<p>  <img decoding=\"async\" src=\"https:\/\/cdn.ome.lt\/static\/omelete\/img\/loading.svg\" alt=\"\"\/><\/p>\n<p>  <img decoding=\"async\" class=\"article__cover__image\" data-lazy-src-mob=\"\/\/cdn.ome.lt\/2IcJTh0MTdT-bB0iF1V117CN-Tc=\/570x0\/smart\/filters:format(webp)\/uploads\/conteudo\/fotos\/1194271-anaconda-le-remake-avec-paul-rudd-et-jack-black.jpg\" data-lazy-src=\"https:\/\/cdn.ome.lt\/xWiOKJy71tP3FcVe7u7fLsqWSj4=\/987x0\/smart\/filters:format(webp)\/uploads\/conteudo\/fotos\/1194271-anaconda-le-remake-avec-paul-rudd-et-jack-black.jpg\" src=\"data:image\/png;base64,iVBORw0KGgoAAAANSUhEUgAAAAEAAAABCAQAAAC1HAwCAAAAC0lEQVR42mNkYAAAAAYAAjCB0C8AAAAASUVORK5CYII=\" alt=\"Jack Black\" title=\"Jack Black\" width=\"987\" height=\"555\" fetchpriority=\"high\"\/><\/p>\n<p class=\"article__cover__credits\">\n  Cr\u00e9ditos da imagem:<br \/>\n  Reprodu\u00e7\u00e3o\n<\/p>\n<p>O perfil oficial do filme\u00a0<a href=\"https:\/\/www.omelete.com.br\/busca?q=anaconda\" rel=\"nofollow noopener\" target=\"_blank\"><strong>Anaconda<\/strong><\/a>\u00a0publicou nesta quarta-feira (12), um novo teaser do filme, mostrando a cobra do filme atacando um dos personagens do longa.<\/p>\n<p>O v\u00eddeo mostra o momento em um dos personagens \u00e9 atacado, e podemos ver\u00a0<strong>Paul Rudd\u00a0<\/strong>tentando fugir da situa\u00e7\u00e3o aumentando a velocidade do barco para tentar n\u00e3o ser pego pelo animal.<\/p>\n<p>            Continua depois da Publicidade<\/p>\n<p>    Qual \u00e9 a hist\u00f3ria do novo Anaconda?<\/p>\n<p>O novo longa envolve um grupo de amigos sofrendo com uma crise de meia-idade. Para sair da mesma, eles resolvem finalmente realizar seu sonho e fazer um reboot do seu filme preferido da juventude:\u00a0Anaconda. Quando eles chegam na floresta, eles acabam tendo que enfrentar desastres naturais reais, criminosos violentos, e obviamente, cobras gigantes.<\/p>\n<p>Jack Black interpretar\u00e1 um antigo diretor, um homem preso em seu trabalho como cinegrafista de casamento, enquanto Paul Rudd interpretar\u00e1 um ator que fez uma temporada em um programa policial, mas v\u00ea seus sonhos de Hollywood se distanciando cada vez mais.<\/p>\n<p>            Continua depois da Publicidade<\/p>\n<p>J\u00e1 Selton Mello est\u00e1 no elenco como um domador de animais que serve de guia para os levar pela selva amaz\u00f4nica, em busca de uma cobra, depois que a serpente que a dupla usaria no filme morre num acidente.<\/p>\n<p>Thandie Newton\u00a0e\u00a0Steve Zahn\u00a0s\u00e3o outros amigos de inf\u00e2ncia que se juntam aos dois na aventura, ajudando na produ\u00e7\u00e3o dessa nova vers\u00e3o de\u00a0Anaconda, que foi gravado na Austr\u00e1lia, onde recebeu apoio do Governo de Queensland por meio da Estrat\u00e9gia de Atra\u00e7\u00e3o de Produ\u00e7\u00e3o da Screen Queensland.<\/p>\n<p>A dire\u00e7\u00e3o do filme \u00e9 de\u00a0Tom Gormican, respons\u00e1vel pela com\u00e9dia\u00a0O Peso do Talento, onde\u00a0Nicolas Cage\u00a0interpreta a si mesmo.<\/p>\n<p>            Continua depois da Publicidade<\/p>\n<p data-gtm-vis-first-on-screen67967661_30=\"150808\" data-gtm-vis-has-fired67967661_30=\"1\" data-gtm-vis-total-visible-time67967661_30=\"100\">A Fully Formed, de Brad Fuller e Andrew Form, est\u00e1 produzindo o filme, que ser\u00e1 lan\u00e7ado pela Sony Pictures com data de lan\u00e7amento para 25 de dezembro nos cinemas do Brasil.<\/p>\n<p>\u00a0<\/p>\n<p>            Continua depois da Publicidade<\/p>\n","protected":false},"excerpt":{"rendered":"Cr\u00e9ditos da imagem: Reprodu\u00e7\u00e3o O perfil oficial do filme\u00a0Anaconda\u00a0publicou nesta quarta-feira (12), um novo teaser do filme, mostrando&hellip;\n","protected":false},"author":2,"featured_media":150008,"comment_status":"","ping_status":"","sticky":false,"template":"","format":"standard","meta":{"footnotes":""},"categories":[140],"tags":[114,115,147,148,146,32,33],"class_list":{"0":"post-150007","1":"post","2":"type-post","3":"status-publish","4":"format-standard","5":"has-post-thumbnail","7":"category-filmes","8":"tag-entertainment","9":"tag-entretenimento","10":"tag-film","11":"tag-filmes","12":"tag-movies","13":"tag-portugal","14":"tag-pt"},"share_on_mastodon":{"url":"https:\/\/pubeurope.com\/@pt\/115539448151723827","error":""},"_links":{"self":[{"href":"https:\/\/www.europesays.com\/pt\/wp-json\/wp\/v2\/posts\/150007","targetHints":{"allow":["GET"]}}],"collection":[{"href":"https:\/\/www.europesays.com\/pt\/wp-json\/wp\/v2\/posts"}],"about":[{"href":"https:\/\/www.europesays.com\/pt\/wp-json\/wp\/v2\/types\/post"}],"author":[{"embeddable":true,"href":"https:\/\/www.europesays.com\/pt\/wp-json\/wp\/v2\/users\/2"}],"replies":[{"embeddable":true,"href":"https:\/\/www.europesays.com\/pt\/wp-json\/wp\/v2\/comments?post=150007"}],"version-history":[{"count":0,"href":"https:\/\/www.europesays.com\/pt\/wp-json\/wp\/v2\/posts\/150007\/revisions"}],"wp:featuredmedia":[{"embeddable":true,"href":"https:\/\/www.europesays.com\/pt\/wp-json\/wp\/v2\/media\/150008"}],"wp:attachment":[{"href":"https:\/\/www.europesays.com\/pt\/wp-json\/wp\/v2\/media?parent=150007"}],"wp:term":[{"taxonomy":"category","embeddable":true,"href":"https:\/\/www.europesays.com\/pt\/wp-json\/wp\/v2\/categories?post=150007"},{"taxonomy":"post_tag","embeddable":true,"href":"https:\/\/www.europesays.com\/pt\/wp-json\/wp\/v2\/tags?post=150007"}],"curies":[{"name":"wp","href":"https:\/\/api.w.org\/{rel}","templated":true}]}}