{"id":150009,"date":"2025-11-13T00:00:11","date_gmt":"2025-11-13T00:00:11","guid":{"rendered":"https:\/\/www.europesays.com\/pt\/150009\/"},"modified":"2025-11-13T00:00:11","modified_gmt":"2025-11-13T00:00:11","slug":"cristiano-ronaldo-mostra-presente-de-aniversario-para-alana-martina-mas-e-a-sandalia-que-ela-calca-que-chama-a-atencao","status":"publish","type":"post","link":"https:\/\/www.europesays.com\/pt\/150009\/","title":{"rendered":"Cristiano Ronaldo mostra presente de anivers\u00e1rio para Alana Martina &#8211; mas \u00e9 a sand\u00e1lia que ela cal\u00e7a que chama a aten\u00e7\u00e3o"},"content":{"rendered":"<p data-end=\"483\" data-start=\"136\">Alana Martina, filha de <strong data-end=\"181\" data-start=\"160\">Cristiano Ronaldo<\/strong> e <strong data-end=\"206\" data-start=\"184\">Georgina Rodr\u00edguez<\/strong>, completou <strong data-end=\"228\" data-start=\"218\">8 anos<\/strong> esta quarta-feira, 12 de novembro, e as celebra\u00e7\u00f5es em fam\u00edlia n\u00e3o passaram em branco nas redes sociais. O capit\u00e3o da Sele\u00e7\u00e3o Nacional e jogador do <strong data-end=\"373\" data-start=\"361\">Al Nassr<\/strong> partilhou um registo ternurento da filha, revelando uma das prendas de anivers\u00e1rio: uma <strong data-end=\"480\" data-start=\"462\">bicicleta nova<\/strong>.<\/p>\n<p data-end=\"483\" data-start=\"136\">\u201c<strong data-end=\"529\" data-start=\"486\">Parab\u00e9ns, meu amor, o pap\u00e1 ama-te muito<\/strong>\u201d, escreveu Ronaldo na legenda da publica\u00e7\u00e3o. No entanto, h\u00e1 um <strong data-end=\"656\" data-start=\"637\">detalhe curioso<\/strong> na imagem partilhada que chama a aten\u00e7\u00e3o:\u00a0<strong data-end=\"725\" data-start=\"683\">uma sand\u00e1lia prateada e de salto alto<\/strong> que Alana tem cal\u00e7ada, visivelmente demasiado grande para ela, que provavelmente pertence a <strong data-end=\"842\" data-start=\"820\">Georgina Rodr\u00edguez<\/strong>. &#8211; e que dever\u00e1 custar, no m\u00ednimo, algumas centenas de euros.<\/p>\n<blockquote class=\"instagram-media\" data-instgrm-captioned=\"\" data-instgrm-permalink=\"https:\/\/www.instagram.com\/p\/DQ9Ijq-DfyB\/?utm_source=ig_embed&amp;utm_campaign=loading\" data-instgrm-version=\"14\" style=\" background:#FFF; border:0; border-radius:3px; box-shadow:0 0 1px 0 rgba(0,0,0,0.5),0 1px 10px 0 rgba(0,0,0,0.15); margin: 1px; max-width:540px; min-width:326px; padding:0; width:99.375%; width:-webkit-calc(100% - 2px); width:calc(100% - 2px);\">\n<\/blockquote>\n<p data-end=\"845\" data-start=\"485\">Tamb\u00e9m <strong data-end=\"872\" data-start=\"854\">Dolores Aveiro<\/strong>, av\u00f3 da menina, assinalou a data com uma mensagem carinhosa nas redes sociais: \u201c<strong data-end=\"1061\" data-start=\"953\">Parab\u00e9ns para a nossa princesa que hoje faz anos. A av\u00f3 deseja-te um dia muito feliz. Beijinhos, amo-te.<\/strong>\u201d<\/p>\n<p data-end=\"1238\" data-is-last-node=\"\" data-is-only-node=\"\" data-start=\"1066\">A publica\u00e7\u00e3o rapidamente se encheu de coment\u00e1rios e felicita\u00e7\u00f5es, com f\u00e3s de Cristiano e Georgina a elogiarem a cumplicidade da fam\u00edlia e a ternura das imagens partilhadas.<\/p>\n<p data-end=\"1238\" data-is-last-node=\"\" data-is-only-node=\"\" data-start=\"1066\">Entre na festa de anivers\u00e1rio de Alana Martina, atrav\u00e9s da galeria que prepar\u00e1mos para si, em cima.<\/p>\n<p>                        <script async src=\"\/\/www.instagram.com\/embed.js\"><\/script><\/p>\n","protected":false},"excerpt":{"rendered":"Alana Martina, filha de Cristiano Ronaldo e Georgina Rodr\u00edguez, completou 8 anos esta quarta-feira, 12 de novembro, e&hellip;\n","protected":false},"author":2,"featured_media":150010,"comment_status":"","ping_status":"","sticky":false,"template":"","format":"standard","meta":{"footnotes":""},"categories":[87],"tags":[73,32674,996,72,66,667,135,77,69,75,71,67,32,33,76,74,134,70,35,78,68],"class_list":{"0":"post-150009","1":"post","2":"type-post","3":"status-publish","4":"format-standard","5":"has-post-thumbnail","7":"category-desporto","8":"tag-a-jornada","9":"tag-alana-martina","10":"tag-aniversario","11":"tag-bate-bola","12":"tag-bom-dia-alegria","13":"tag-cristiano-ronaldo","14":"tag-desporto","15":"tag-estudio-estadio","16":"tag-fanaticos","17":"tag-livre-e-direto","18":"tag-nova-geracao","19":"tag-para-si","20":"tag-portugal","21":"tag-pt","22":"tag-segredos-do-prazer","23":"tag-segue-o-jogo","24":"tag-sports","25":"tag-super-craques","26":"tag-transferencias","27":"tag-v-fama","28":"tag-var-aberto"},"share_on_mastodon":{"url":"https:\/\/pubeurope.com\/@pt\/115539451810564116","error":""},"_links":{"self":[{"href":"https:\/\/www.europesays.com\/pt\/wp-json\/wp\/v2\/posts\/150009","targetHints":{"allow":["GET"]}}],"collection":[{"href":"https:\/\/www.europesays.com\/pt\/wp-json\/wp\/v2\/posts"}],"about":[{"href":"https:\/\/www.europesays.com\/pt\/wp-json\/wp\/v2\/types\/post"}],"author":[{"embeddable":true,"href":"https:\/\/www.europesays.com\/pt\/wp-json\/wp\/v2\/users\/2"}],"replies":[{"embeddable":true,"href":"https:\/\/www.europesays.com\/pt\/wp-json\/wp\/v2\/comments?post=150009"}],"version-history":[{"count":0,"href":"https:\/\/www.europesays.com\/pt\/wp-json\/wp\/v2\/posts\/150009\/revisions"}],"wp:featuredmedia":[{"embeddable":true,"href":"https:\/\/www.europesays.com\/pt\/wp-json\/wp\/v2\/media\/150010"}],"wp:attachment":[{"href":"https:\/\/www.europesays.com\/pt\/wp-json\/wp\/v2\/media?parent=150009"}],"wp:term":[{"taxonomy":"category","embeddable":true,"href":"https:\/\/www.europesays.com\/pt\/wp-json\/wp\/v2\/categories?post=150009"},{"taxonomy":"post_tag","embeddable":true,"href":"https:\/\/www.europesays.com\/pt\/wp-json\/wp\/v2\/tags?post=150009"}],"curies":[{"name":"wp","href":"https:\/\/api.w.org\/{rel}","templated":true}]}}