{"id":150021,"date":"2025-11-13T00:11:10","date_gmt":"2025-11-13T00:11:10","guid":{"rendered":"https:\/\/www.europesays.com\/pt\/150021\/"},"modified":"2025-11-13T00:11:10","modified_gmt":"2025-11-13T00:11:10","slug":"terra-forte-rosinha-fica-petrificada-ao-olhar-para-cobra","status":"publish","type":"post","link":"https:\/\/www.europesays.com\/pt\/150021\/","title":{"rendered":"Terra Forte: Rosinha fica petrificada ao olhar para Cobra"},"content":{"rendered":"<p>Em \u00abTerra Forte\u00bb, Dudu (Tom\u00e1s Taborda) apresenta Cobra (Ricardo Burgos) a Rosinha (Francisca Salgado), com esta a n\u00e3o conseguir evitar olh\u00e1-lo agradada. Cobra finge surpresa com a hist\u00f3ria que todos lhe contam de Flor (Benedita Pereira) ser a irm\u00e3 desaparecida de Maria de F\u00e1tima que todos julgavam morta. Rosa Maria (Cust\u00f3dia Gallego) sorri muito emocionada para Flor, deixando Maria de F\u00e1tima ro\u00edda de ci\u00fames. Rosinha e Magui riem-se do casaco de Leumi (Cassiano Carneiro).<\/p>\n","protected":false},"excerpt":{"rendered":"Em \u00abTerra Forte\u00bb, Dudu (Tom\u00e1s Taborda) apresenta Cobra (Ricardo Burgos) a Rosinha (Francisca Salgado), com esta a n\u00e3o&hellip;\n","protected":false},"author":2,"featured_media":150022,"comment_status":"","ping_status":"","sticky":false,"template":"","format":"standard","meta":{"footnotes":""},"categories":[142],"tags":[48,28350,166,801,114,115,28349,28348,28347,13,2931,161,32,28346,33,18614,151,162,28344,28345,28343,28342,28340,28341],"class_list":{"0":"post-150021","1":"post","2":"type-post","3":"status-publish","4":"format-standard","5":"has-post-thumbnail","7":"category-tv","8":"tag-big-brother","9":"tag-bigbrother-tvi","10":"tag-cristina-ferreira","11":"tag-dois-as-10","12":"tag-entertainment","13":"tag-entretenimento","14":"tag-festas-tvi","15":"tag-goucha","16":"tag-guia-tv","17":"tag-noticias","18":"tag-novela","19":"tag-novelas","20":"tag-portugal","21":"tag-programas-tvi","22":"tag-pt","23":"tag-terra-forte","24":"tag-tv","25":"tag-tvi","26":"tag-tvi-3-0","27":"tag-tvi-30","28":"tag-tvi-internacional","29":"tag-tvi-reality","30":"tag-tvificcao","31":"tag-tviplayer"},"share_on_mastodon":{"url":"https:\/\/pubeurope.com\/@pt\/115539495150432748","error":""},"_links":{"self":[{"href":"https:\/\/www.europesays.com\/pt\/wp-json\/wp\/v2\/posts\/150021","targetHints":{"allow":["GET"]}}],"collection":[{"href":"https:\/\/www.europesays.com\/pt\/wp-json\/wp\/v2\/posts"}],"about":[{"href":"https:\/\/www.europesays.com\/pt\/wp-json\/wp\/v2\/types\/post"}],"author":[{"embeddable":true,"href":"https:\/\/www.europesays.com\/pt\/wp-json\/wp\/v2\/users\/2"}],"replies":[{"embeddable":true,"href":"https:\/\/www.europesays.com\/pt\/wp-json\/wp\/v2\/comments?post=150021"}],"version-history":[{"count":0,"href":"https:\/\/www.europesays.com\/pt\/wp-json\/wp\/v2\/posts\/150021\/revisions"}],"wp:featuredmedia":[{"embeddable":true,"href":"https:\/\/www.europesays.com\/pt\/wp-json\/wp\/v2\/media\/150022"}],"wp:attachment":[{"href":"https:\/\/www.europesays.com\/pt\/wp-json\/wp\/v2\/media?parent=150021"}],"wp:term":[{"taxonomy":"category","embeddable":true,"href":"https:\/\/www.europesays.com\/pt\/wp-json\/wp\/v2\/categories?post=150021"},{"taxonomy":"post_tag","embeddable":true,"href":"https:\/\/www.europesays.com\/pt\/wp-json\/wp\/v2\/tags?post=150021"}],"curies":[{"name":"wp","href":"https:\/\/api.w.org\/{rel}","templated":true}]}}