{"id":150023,"date":"2025-11-13T00:12:12","date_gmt":"2025-11-13T00:12:12","guid":{"rendered":"https:\/\/www.europesays.com\/pt\/150023\/"},"modified":"2025-11-13T00:12:12","modified_gmt":"2025-11-13T00:12:12","slug":"padre-ezequiel-dal-pozzo-no-show-de-natal-de-concordia-dia-23-de-novembro-radio-rural","status":"publish","type":"post","link":"https:\/\/www.europesays.com\/pt\/150023\/","title":{"rendered":"Padre Ezequiel Dal Pozzo no show de Natal de Conc\u00f3rdia, dia 23 de novembro &#8211; R\u00e1dio Rural"},"content":{"rendered":"<ol>\n<li><a href=\"https:\/\/news.google.com\/rss\/articles\/CBMiygFBVV95cUxPRThGR0lkX043S0g0OFFBbzA2VkxmRG9yaGJGNEFsR2NubE9vUHM4NDh6ZE9yaHNhZl9OOE52UWo1WUpHeFlSV1RnQnZCMngxTk5TTkpNRDVvZGphcV9MQkZ1TjhxV0pmUnhJMjZvWU1IbUtodEd0Z0gzdnZHUDluR0hEOHRhLVBSVTcwaGZnRnZwcWdFc1dnb2dPVDVOcnNLc1ZNRHRXYlJ0dWtKbkkxOXJJaXJoR1JaYkdJUmFhM2p0MElsUE1heHJB?oc=5\" target=\"_blank\" rel=\"nofollow noopener\">Padre Ezequiel Dal Pozzo no show de Natal de Conc\u00f3rdia, dia 23 de novembro<\/a>&nbsp;&nbsp;R\u00e1dio Rural<\/li>\n<li><a href=\"https:\/\/news.google.com\/rss\/articles\/CBMisgFBVV95cUxPaW5qcFktb0tBYmtfaE5ORTVtU0JKV0R1anZkYjRSX2Y5YkNMdlUzUzRIaWJHNHBDdzFhakhaOXFJbjV5dFBPLUpmaS14R3BJSGJ2cm1SMmVYTVI3SnJ0clVvNXMtSWpWZXRsampUdUNEZU1FTkQwaTNYRTV3WDZ6S25iOGVNTFBCdXlpZVVuYTNpV0RGektKZWw5bS11bTJRZWpYb0hVOHlmcjFGNjdoZ3lR?oc=5\" target=\"_blank\" rel=\"nofollow noopener\">Show nacional e Desfile Encantado est\u00e3o entre as atra\u00e7\u00f5es do Natal nas \u00c1guas<\/a>&nbsp;&nbsp;sulagora.com.br<\/li>\n<li><a href=\"https:\/\/news.google.com\/rss\/articles\/CBMitgFBVV95cUxPRVU1Mk9MRnpTR0RnZTgtT0hwaVFTZU1qU0E5LXZIYnFUeHpmYnpRTzMxbzNZczBGRHRjMnFVdW5aME9qYjRka0xjR3h6aUN1YzV2Qm0wU0JSQjlaMjdNdmVRWUx3aGdramJ4SE92MUVNQ1RjUTM5WE1Lalh4ZmszaXV4Wm56TUt1S05RM1drenR2Tzc2a2cwTnFQRTlNS3BRRDhYak9XX1BfMXZlcWdnZzZLdmExUQ?oc=5\" target=\"_blank\" rel=\"nofollow noopener\">Show do Padre Ezequiel Dal Pozzo ser\u00e1 uma das atra\u00e7\u00f5es do Natal de Gravatal<\/a>&nbsp;&nbsp;TubaNews<\/li>\n<li><a href=\"https:\/\/news.google.com\/rss\/articles\/CBMiywFBVV95cUxOXzRtS2hac2FmTUZ5WmQxTTBuUlpacVpGLWg1VkVkZXkycElqeXMtZDFfM0xYSWFXZXhRQkc4Z3YxakdRQk5OWmpFOGVLNzNGdTg3QTUzLUswYjBrNWRIbnVDazN2MW1pa1JpWjZZY2F1MDJQaFVJTzFtNWhUTF9jSGZjUjNHUU9vTTZKMnc4ZVZNQzhseGt5S0t2UmZ2WW9rUDMtWF9KcXdNU2RYbzJmeFdZUk9vS3pXNHpmbVJiaDdpQ1ZJR0xidlZrTQ?oc=5\" target=\"_blank\" rel=\"nofollow noopener\">Gravatal d\u00e1 in\u00edcio \u00e0 programa\u00e7\u00e3o do \u201cNatal nas \u00c1guas 2025\u201d com concerto e novidades na decora\u00e7\u00e3o<\/a>&nbsp;&nbsp;Hora Hiper<\/li>\n<li><a href=\"https:\/\/news.google.com\/rss\/articles\/CBMiqwFBVV95cUxQa3JYenpQbll2U1dSdjMtNl9PeFVJR19yaEp4SXRSYV8wVlVIaWRXR2ZVNlFTTXM5UWw0b0MwZXplMlpWOTFKeDZNZzQzQnpiVTdkYzNRdmpkUC11ZjZZQW9DamM3RUtnVjJqZXB1WUdieHJMbjJyZ0FUSnpwQk5mS1RWWFRicFExcXJpS0JtZTRPTkNxdDlPWFM0T2dsQWt2eFhFVDg0dWZGQUE?oc=5\" target=\"_blank\" rel=\"nofollow noopener\">Gravatal acende a magia do Natal nas \u00c1guas 2025 com atra\u00e7\u00f5es para toda a fam\u00edlia<\/a>&nbsp;&nbsp;sctododia<\/li>\n<\/ol>\n","protected":false},"excerpt":{"rendered":"Padre Ezequiel Dal Pozzo no show de Natal de Conc\u00f3rdia, dia 23 de novembro&nbsp;&nbsp;R\u00e1dio Rural Show nacional e&hellip;\n","protected":false},"author":2,"featured_media":150024,"comment_status":"","ping_status":"","sticky":false,"template":"","format":"standard","meta":{"footnotes":""},"categories":[141],"tags":[562,726,2733,2731,476,539,2258,114,115,1062,986,2732,149,150,1086,52,32,33,3551,117],"class_list":{"0":"post-150023","1":"post","2":"type-post","3":"status-publish","4":"format-standard","5":"has-post-thumbnail","7":"category-musica","8":"tag-agricultura","9":"tag-brasil","10":"tag-carnaval","11":"tag-dicas-do-dia","12":"tag-economia","13":"tag-educacao","14":"tag-eleicoes","15":"tag-entertainment","16":"tag-entretenimento","17":"tag-esportes","18":"tag-estado","19":"tag-geral","20":"tag-music","21":"tag-musica","22":"tag-policia","23":"tag-politica","24":"tag-portugal","25":"tag-pt","26":"tag-regiao","27":"tag-saude"},"share_on_mastodon":{"url":"https:\/\/pubeurope.com\/@pt\/115539499049368306","error":""},"_links":{"self":[{"href":"https:\/\/www.europesays.com\/pt\/wp-json\/wp\/v2\/posts\/150023","targetHints":{"allow":["GET"]}}],"collection":[{"href":"https:\/\/www.europesays.com\/pt\/wp-json\/wp\/v2\/posts"}],"about":[{"href":"https:\/\/www.europesays.com\/pt\/wp-json\/wp\/v2\/types\/post"}],"author":[{"embeddable":true,"href":"https:\/\/www.europesays.com\/pt\/wp-json\/wp\/v2\/users\/2"}],"replies":[{"embeddable":true,"href":"https:\/\/www.europesays.com\/pt\/wp-json\/wp\/v2\/comments?post=150023"}],"version-history":[{"count":0,"href":"https:\/\/www.europesays.com\/pt\/wp-json\/wp\/v2\/posts\/150023\/revisions"}],"wp:featuredmedia":[{"embeddable":true,"href":"https:\/\/www.europesays.com\/pt\/wp-json\/wp\/v2\/media\/150024"}],"wp:attachment":[{"href":"https:\/\/www.europesays.com\/pt\/wp-json\/wp\/v2\/media?parent=150023"}],"wp:term":[{"taxonomy":"category","embeddable":true,"href":"https:\/\/www.europesays.com\/pt\/wp-json\/wp\/v2\/categories?post=150023"},{"taxonomy":"post_tag","embeddable":true,"href":"https:\/\/www.europesays.com\/pt\/wp-json\/wp\/v2\/tags?post=150023"}],"curies":[{"name":"wp","href":"https:\/\/api.w.org\/{rel}","templated":true}]}}