{"id":150025,"date":"2025-11-13T00:13:16","date_gmt":"2025-11-13T00:13:16","guid":{"rendered":"https:\/\/www.europesays.com\/pt\/150025\/"},"modified":"2025-11-13T00:13:16","modified_gmt":"2025-11-13T00:13:16","slug":"wagner-moura-e-kleber-mendonca-desenterram-os-fantasmas-do-brasil-com-o-agente-secreto","status":"publish","type":"post","link":"https:\/\/www.europesays.com\/pt\/150025\/","title":{"rendered":"Wagner Moura e Kleber Mendon\u00e7a desenterram os fantasmas do Brasil com &#8216;O Agente Secreto&#8217;"},"content":{"rendered":"<p>Wagner Moura \u00e9 a estrela do thriller pol\u00edtico \u201cO Agente Secreto\u201d, dirigido por Kleber Mendon\u00e7a Filho. Vindo de uma trajet\u00f3ria internacional de grande notoriedade, com pr\u00eamios em Cannes, o filme conquistou ao menos quatro pr\u00eamios no festival franc\u00eas: Melhor Dire\u00e7\u00e3o, Melhor Ator, o pr\u00eamio da cr\u00edtica internacional (Fipresci) e o \u201cArt et Essai\u201d, concedido por exibidores independentes da Fran\u00e7a entre in\u00fameras indica\u00e7\u00f5es.<\/p>\n<p>O longa-metragem \u00e9 dividido em tr\u00eas partes, com mais de 2 horas e 38 minutos de dura\u00e7\u00e3o, mantendo a plateia magnetizada, grudada nas cadeiras, entre refer\u00eancias a Fellini e uma mescla de fantasia e surrealismo, contrastando com a crueza e a viol\u00eancia t\u00edpicas de narrativas dignas de Sam Peckinpah.<\/p>\n<p>Kleber Mendon\u00e7a Filho, filho de uma historiadora, tem em sua forma\u00e7\u00e3o a preocupa\u00e7\u00e3o historiogr\u00e1fica com sua origem e o meio cultural em que vive. Sua cidade natal, Recife, os cinemas da cidade e suas particularidades culturais s\u00e3o fundamentais em seu trabalho. Formado em jornalismo, atuou como cr\u00edtico de cinema at\u00e9 se consolidar como um dos maiores realizadores do cinema nacional.<\/p>\n<p>Ele \u00e9 casado com a cientista pol\u00edtica e produtora cinematogr\u00e1fica francesa Emilie Lesclaux, que \u00e9 uma colaboradora fundamental em seus projetos, atuando como produtora em diversos filmes, incluindo \u201cO Som ao Redor\u201d, \u201cAquarius\u201d, \u201cBacurau\u201d, \u201cRetratos Fantasmas\u201d e \u201cO Agente Secreto\u201d.<\/p>\n<p>Juntos, fundaram em 2008 o Janela Internacional de Cinema do Recife, um festival que se tornou um importante espa\u00e7o para a difus\u00e3o e debate cinematogr\u00e1fico, do qual s\u00e3o diretores art\u00edsticos. Kleber tamb\u00e9m atua como programador de cinema no Instituto Moreira Salles (IMS) no Rio de Janeiro e em S\u00e3o Paulo.<\/p>\n<p>O filme mescla suspense e mem\u00f3rias de um per\u00edodo obscuro de nossa hist\u00f3ria recente, mergulhando no Recife da inf\u00e2ncia de Kleber, uma cidade que sempre abrigou, nesse microcosmo, as contradi\u00e7\u00f5es e desigualdades brasileiras, que se exp\u00f5em claramente numa narrativa de opress\u00e3o e medos da ditadura militar.<\/p>\n<p>J\u00e1 escolhido para representar o cinema nacional no Oscar 2025 em Hollywood, Kleber Mendon\u00e7a Filho, diretor reconhecido por obras como \u201cO Som ao Redor\u201d, \u201cAquarius\u201d, \u201cBacurau\u201d e \u201cRetratos Fantasmas\u201d, v\u00ea isso como um refor\u00e7o \u00e0 sua trajet\u00f3ria de presen\u00e7a internacional, embora suas tentativas de indica\u00e7\u00e3o at\u00e9 ent\u00e3o n\u00e3o tivessem se concretizado.<\/p>\n<p>O longa-metragem encanta pela recria\u00e7\u00e3o de um Recife dos anos 70 em seus m\u00ednimos detalhes, retratando os cinemas e as caracter\u00edsticas urbanas. \u201cO Agente Secreto\u201d conta com uma dire\u00e7\u00e3o de arte excelente, assinada por Thales Junqueira, e o figurino de Rita Azevedo Gomes.<\/p>\n<p>Em determinados momentos, talvez intencionalmente, Wagner Moura, com cabelos longos e desalinhados, se transforma numa vers\u00e3o nacional de Che Guevara, exibindo uma atitude e presen\u00e7a c\u00eanica impressionantes, conferindo uma veracidade incomum aos dramas de Marcelo, codinome de seu personagem Armando, que busca reconstruir sua vida ap\u00f3s um trauma familiar e a busca por seu filho, sob a tutela dos av\u00f3s maternos na capital pernambucana.<\/p>\n<p>A personifica\u00e7\u00e3o dos atores e a condu\u00e7\u00e3o precisa, destacando a fant\u00e1stica T\u00e2nia Maria como Dona Sebastiana, s\u00e3o costuradas pela excel\u00eancia da trilha sonora. O filme apresenta um frescor e uma assinatura muito peculiares na dire\u00e7\u00e3o de Kleber Mendon\u00e7a, que sabe extrair, mesmo das situa\u00e7\u00f5es mais corriqueiras, uma dramaticidade e um humor caracter\u00edsticos de seus trabalhos cinematogr\u00e1ficos.<\/p>\n<p>Como disse Wagner Moura em uma observa\u00e7\u00e3o precisa: \u201c\u00c9 um filme absolutamente brasileiro\u201d.<\/p>\n","protected":false},"excerpt":{"rendered":"Wagner Moura \u00e9 a estrela do thriller pol\u00edtico \u201cO Agente Secreto\u201d, dirigido por Kleber Mendon\u00e7a Filho. Vindo de&hellip;\n","protected":false},"author":2,"featured_media":150026,"comment_status":"","ping_status":"","sticky":false,"template":"","format":"standard","meta":{"footnotes":""},"categories":[140],"tags":[12415,32675,7248,6724,32676,32677,32678,11764,114,115,32679,147,148,32680,32681,32682,146,2158,7247,28738,32,33,16870,32684,32683,12348],"class_list":{"0":"post-150025","1":"post","2":"type-post","3":"status-publish","4":"format-standard","5":"has-post-thumbnail","7":"category-filmes","8":"tag-aquarius","9":"tag-arte-e-polu00edtica","10":"tag-bacurau","11":"tag-cinema-brasileiro","12":"tag-cinema-de-resistu00eancia","13":"tag-cinema-polu00edtico","14":"tag-cultura-nordestina","15":"tag-ditadura-militar","16":"tag-entertainment","17":"tag-entretenimento","18":"tag-estreia-nacional","19":"tag-film","20":"tag-filmes","21":"tag-gabriel-leone","22":"tag-kleber-mendonu00e7a-filho","23":"tag-maria-fernanda-cu00e2ndido","24":"tag-movies","25":"tag-o-agente-secreto","26":"tag-o-som-ao-redor","27":"tag-oscar-2025","28":"tag-portugal","29":"tag-pt","30":"tag-recife","31":"tag-thriller-nacional","32":"tag-tu00e2nia-maria","33":"tag-wagner-moura"},"share_on_mastodon":{"url":"https:\/\/pubeurope.com\/@pt\/115539503059789874","error":""},"_links":{"self":[{"href":"https:\/\/www.europesays.com\/pt\/wp-json\/wp\/v2\/posts\/150025","targetHints":{"allow":["GET"]}}],"collection":[{"href":"https:\/\/www.europesays.com\/pt\/wp-json\/wp\/v2\/posts"}],"about":[{"href":"https:\/\/www.europesays.com\/pt\/wp-json\/wp\/v2\/types\/post"}],"author":[{"embeddable":true,"href":"https:\/\/www.europesays.com\/pt\/wp-json\/wp\/v2\/users\/2"}],"replies":[{"embeddable":true,"href":"https:\/\/www.europesays.com\/pt\/wp-json\/wp\/v2\/comments?post=150025"}],"version-history":[{"count":0,"href":"https:\/\/www.europesays.com\/pt\/wp-json\/wp\/v2\/posts\/150025\/revisions"}],"wp:featuredmedia":[{"embeddable":true,"href":"https:\/\/www.europesays.com\/pt\/wp-json\/wp\/v2\/media\/150026"}],"wp:attachment":[{"href":"https:\/\/www.europesays.com\/pt\/wp-json\/wp\/v2\/media?parent=150025"}],"wp:term":[{"taxonomy":"category","embeddable":true,"href":"https:\/\/www.europesays.com\/pt\/wp-json\/wp\/v2\/categories?post=150025"},{"taxonomy":"post_tag","embeddable":true,"href":"https:\/\/www.europesays.com\/pt\/wp-json\/wp\/v2\/tags?post=150025"}],"curies":[{"name":"wp","href":"https:\/\/api.w.org\/{rel}","templated":true}]}}