{"id":150037,"date":"2025-11-13T00:27:15","date_gmt":"2025-11-13T00:27:15","guid":{"rendered":"https:\/\/www.europesays.com\/pt\/150037\/"},"modified":"2025-11-13T00:27:15","modified_gmt":"2025-11-13T00:27:15","slug":"1a-companhia-ja-se-sabe-quem-vai-ser-o-comandante-da-nova-edicao-e-e-uma-cara-conhecida","status":"publish","type":"post","link":"https:\/\/www.europesays.com\/pt\/150037\/","title":{"rendered":"1\u00aa Companhia &#8211; J\u00e1 se sabe quem vai ser o comandante da nova edi\u00e7\u00e3o\u2026 E \u00e9 uma cara conhecida!"},"content":{"rendered":"<p>Vinte anos depois da grande estreia, um programa adorado pelos portugueses <a href=\"https:\/\/www.novagente.pt\/maria-botelho-moniz-nem-big-brother-nem-secret-story-este-programa-que-apresentadora-vai-conduzir\" rel=\"nofollow noopener\" target=\"_blank\">est\u00e1 de volta<\/a> j\u00e1 ap\u00f3s o Natal.<\/p>\n<p>A <strong>\u201c1\u00aa Companhia\u201d<\/strong> regressa \u00e0 grelha e promete <strong>juntar celebridades e ex-concorrentes<\/strong> de realities show a viver como recrutas numa base militar.<\/p>\n<blockquote>\n<p><strong>Leia tamb\u00e9m: <\/strong><a href=\"https:\/\/www.novagente.pt\/maria-botelho-moniz-atriz-bem-conhecida-pronta-para-entrar-na-1a-companhia-apresentadora-provoca\" rel=\"nofollow noopener\" target=\"_blank\">Atriz bem conhecida est\u00e1 pronta para entrar na <\/a><strong>1\u00aa Companhia!<\/strong><\/p>\n<\/blockquote>\n<p>Segunda a revista TV Guia, a <strong>TVI<\/strong> j\u00e1 tem espa\u00e7o escolhido e tamb\u00e9m <strong>a identidade<\/strong> do comandante j\u00e1 foi revelada.<\/p>\n<p>Os concorrentes deste formato v\u00e3o ser acolhidos na <strong>Quinta dos Melos<\/strong>, em <strong>Bucelas<\/strong>, onde s\u00e3o gravadas as novelas. E <strong>Jos\u00e9 Moutinho<\/strong> vai voltar para o seu antigo papel!<\/p>\n<p>Quanto \u00e0 estreia, tudo indica que <strong>comece no dia 1 de janeiro<\/strong>, para que seja poss\u00edvel fazer manuten\u00e7\u00e3o na casa da Malveira, para depois receber os participantes da <strong>Casa dos Segredos 10<\/strong>.<\/p>\n<p>\u00a0<\/p>\n<p>Texto: Carolina Charrua; Fotos: Redes sociais e Impala<\/p>\n<p class=\"intagram-text\">Siga a Nova Gente no Instagram<\/p>\n<p>                        <a href=\"https:\/\/www.instagram.com\/revistanovagente\/\" target=\"_blank\" aria-label=\"instagram\" rel=\"noopener nofollow\"><img decoding=\"async\" style=\"display: block; margin-left: auto; margin-right: auto; width: 250px; height: 83px;\" src=\"https:\/\/www.europesays.com\/pt\/wp-content\/uploads\/2025\/11\/Instagram_NG.png\" alt=\"instagram\"\/><\/a><br \/>\n                    <script async src=\"\/\/www.instagram.com\/embed.js\"><\/script><\/p>\n","protected":false},"excerpt":{"rendered":"Vinte anos depois da grande estreia, um programa adorado pelos portugueses est\u00e1 de volta j\u00e1 ap\u00f3s o Natal.&hellip;\n","protected":false},"author":2,"featured_media":150038,"comment_status":"","ping_status":"","sticky":false,"template":"","format":"standard","meta":{"footnotes":""},"categories":[145],"tags":[32685,211,210,114,115,32686,338,32,33,162],"class_list":{"0":"post-150037","1":"post","2":"type-post","3":"status-publish","4":"format-standard","5":"has-post-thumbnail","7":"category-celebridades","8":"tag-1a-companhia","9":"tag-celebridades","10":"tag-celebrities","11":"tag-entertainment","12":"tag-entretenimento","13":"tag-jose-moutinho","14":"tag-maria-botelho-moniz","15":"tag-portugal","16":"tag-pt","17":"tag-tvi"},"share_on_mastodon":{"url":"https:\/\/pubeurope.com\/@pt\/115539558051679451","error":""},"_links":{"self":[{"href":"https:\/\/www.europesays.com\/pt\/wp-json\/wp\/v2\/posts\/150037","targetHints":{"allow":["GET"]}}],"collection":[{"href":"https:\/\/www.europesays.com\/pt\/wp-json\/wp\/v2\/posts"}],"about":[{"href":"https:\/\/www.europesays.com\/pt\/wp-json\/wp\/v2\/types\/post"}],"author":[{"embeddable":true,"href":"https:\/\/www.europesays.com\/pt\/wp-json\/wp\/v2\/users\/2"}],"replies":[{"embeddable":true,"href":"https:\/\/www.europesays.com\/pt\/wp-json\/wp\/v2\/comments?post=150037"}],"version-history":[{"count":0,"href":"https:\/\/www.europesays.com\/pt\/wp-json\/wp\/v2\/posts\/150037\/revisions"}],"wp:featuredmedia":[{"embeddable":true,"href":"https:\/\/www.europesays.com\/pt\/wp-json\/wp\/v2\/media\/150038"}],"wp:attachment":[{"href":"https:\/\/www.europesays.com\/pt\/wp-json\/wp\/v2\/media?parent=150037"}],"wp:term":[{"taxonomy":"category","embeddable":true,"href":"https:\/\/www.europesays.com\/pt\/wp-json\/wp\/v2\/categories?post=150037"},{"taxonomy":"post_tag","embeddable":true,"href":"https:\/\/www.europesays.com\/pt\/wp-json\/wp\/v2\/tags?post=150037"}],"curies":[{"name":"wp","href":"https:\/\/api.w.org\/{rel}","templated":true}]}}