{"id":150039,"date":"2025-11-13T00:30:16","date_gmt":"2025-11-13T00:30:16","guid":{"rendered":"https:\/\/www.europesays.com\/pt\/150039\/"},"modified":"2025-11-13T00:30:16","modified_gmt":"2025-11-13T00:30:16","slug":"ex-concorrente-vai-parar-ao-hospital-apos-susto-de-saude-a-veia-rebentou-secret-story","status":"publish","type":"post","link":"https:\/\/www.europesays.com\/pt\/150039\/","title":{"rendered":"Ex-concorrente vai parar ao hospital ap\u00f3s susto de sa\u00fade: \u00abA veia rebentou&#8230;\u00bb &#8211; Secret Story"},"content":{"rendered":"<p><strong>Rita Santos preocupou os f\u00e3s com uma fotografia que partilhou recentemente<\/strong>. A<a href=\"https:\/\/tvi.iol.pt\/secretstory\/aominuto\" rel=\"nofollow noopener\" target=\"_blank\"> ex-concorrente do Big Brother 2021<\/a> surgiu com o bra\u00e7o pisado e aproveitou para esclarecer tudo o que aconteceu.<\/p>\n<p>\u00abJ\u00e1 regressei ao trabalho e o susto j\u00e1 passou. Agora \u00e9 s\u00f3 recuperar dos bra\u00e7os pisados e o organismo agora acaba por absorver o contraste que ainda tenho no bra\u00e7o\u00bb, come\u00e7ou por escrever, na legenda da publica\u00e7\u00e3o que fez nos stories do Instagram.<\/p>\n<p>Na semana anterior, Rita Santos tinha contado aos f\u00e3s que fez <strong>\u00abuma TAC com contraste\u00bb <\/strong>e que \u00aba veia rebentou e o contraste infiltrou-se no bra\u00e7o\u00bb, o que a <strong>obrigou a ir para as urg\u00eancias do hospital.\u00a0<\/strong><\/p>\n<p>\u00abNeste momento, tenho o bra\u00e7o bastante inchado e com dores, pelo que n\u00e3o consigo moviment\u00e1-lo e, para piorar, \u00e9 o direito! Agora repouso e descanso!<strong> J\u00e1 vale para o susto de uma infe\u00e7\u00e3o a s\u00e9rio!\u00bb,<\/strong> adiantou.<\/p>\n<p><strong>Pode ver aqui a imagem em quest\u00e3o:<\/strong><\/p>\n<p style=\"text-align:center\"><img loading=\"lazy\" decoding=\"async\" alt=\"\" height=\"622\" src=\"https:\/\/www.europesays.com\/pt\/wp-content\/uploads\/2025\/11\/6914d8b6d34e2bd5c6d3ef39.webp\" width=\"350\"\/><\/p>\n<p><strong>Ainda se lembra de Rita Santos, ex-concorrente do Big Brother 2021? Pode record\u00e1-la na galeria que prepar\u00e1mos para si<\/strong><\/p>\n","protected":false},"excerpt":{"rendered":"Rita Santos preocupou os f\u00e3s com uma fotografia que partilhou recentemente. A ex-concorrente do Big Brother 2021 surgiu&hellip;\n","protected":false},"author":2,"featured_media":150040,"comment_status":"","ping_status":"","sticky":false,"template":"","format":"standard","meta":{"footnotes":""},"categories":[142],"tags":[18706,48,114,115,18705,32,33,32687,151,18704],"class_list":{"0":"post-150039","1":"post","2":"type-post","3":"status-publish","4":"format-standard","5":"has-post-thumbnail","7":"category-tv","8":"tag-bastidores-secret-story","9":"tag-big-brother","10":"tag-entertainment","11":"tag-entretenimento","12":"tag-entrevistas-concorrentes-tvi","13":"tag-portugal","14":"tag-pt","15":"tag-rita-santos","16":"tag-tv","17":"tag-vida-fora-da-casa"},"share_on_mastodon":{"url":"https:\/\/pubeurope.com\/@pt\/115539570049541755","error":""},"_links":{"self":[{"href":"https:\/\/www.europesays.com\/pt\/wp-json\/wp\/v2\/posts\/150039","targetHints":{"allow":["GET"]}}],"collection":[{"href":"https:\/\/www.europesays.com\/pt\/wp-json\/wp\/v2\/posts"}],"about":[{"href":"https:\/\/www.europesays.com\/pt\/wp-json\/wp\/v2\/types\/post"}],"author":[{"embeddable":true,"href":"https:\/\/www.europesays.com\/pt\/wp-json\/wp\/v2\/users\/2"}],"replies":[{"embeddable":true,"href":"https:\/\/www.europesays.com\/pt\/wp-json\/wp\/v2\/comments?post=150039"}],"version-history":[{"count":0,"href":"https:\/\/www.europesays.com\/pt\/wp-json\/wp\/v2\/posts\/150039\/revisions"}],"wp:featuredmedia":[{"embeddable":true,"href":"https:\/\/www.europesays.com\/pt\/wp-json\/wp\/v2\/media\/150040"}],"wp:attachment":[{"href":"https:\/\/www.europesays.com\/pt\/wp-json\/wp\/v2\/media?parent=150039"}],"wp:term":[{"taxonomy":"category","embeddable":true,"href":"https:\/\/www.europesays.com\/pt\/wp-json\/wp\/v2\/categories?post=150039"},{"taxonomy":"post_tag","embeddable":true,"href":"https:\/\/www.europesays.com\/pt\/wp-json\/wp\/v2\/tags?post=150039"}],"curies":[{"name":"wp","href":"https:\/\/api.w.org\/{rel}","templated":true}]}}