{"id":150049,"date":"2025-11-13T00:35:18","date_gmt":"2025-11-13T00:35:18","guid":{"rendered":"https:\/\/www.europesays.com\/pt\/150049\/"},"modified":"2025-11-13T00:35:18","modified_gmt":"2025-11-13T00:35:18","slug":"diana-lopes-reage-a-rutura-do-grupo-dos-frescos-nao-me-acredito-que","status":"publish","type":"post","link":"https:\/\/www.europesays.com\/pt\/150049\/","title":{"rendered":"Diana Lopes reage \u00e0 rutura do &#8216;Grupo dos Frescos&#8217;: &#8220;N\u00e3o me acredito que&#8230;&#8221;"},"content":{"rendered":"<p>\t\t\t\t\t\t\t\t\t\t\t\t<a href=\"#\" onclick=\"window.open('http:\/\/www.facebook.com\/sharer.php?u=https:\/\/cusquices.com\/diana-lopes-reage-a-rutura-do-grupo-dos-frescos-nao-me-acredito-que\/&amp;t=Diana Lopes reage \u00e0 rutura do \u2018Grupo dos Frescos\u2019: \u201cN\u00e3o me acredito que\u2026\u201d', 'facebookShare', 'width=626,height=436'); return false;\" title=\"Share on Facebook\"><\/p>\n<p>Share<\/p>\n<p><\/a><br \/>\n\t\t\t\t\t\t\t\t\t\t\t\t<a href=\"#\" onclick=\"window.open('http:\/\/twitter.com\/share?text=Diana Lopes reage \u00e0 rutura do \u2018Grupo dos Frescos\u2019: \u201cN\u00e3o me acredito que\u2026\u201d -&amp;url=https:\/\/cusquices.com\/diana-lopes-reage-a-rutura-do-grupo-dos-frescos-nao-me-acredito-que\/', 'twitterShare', 'width=626,height=436'); return false;\" title=\"Tweet This Post\"><\/p>\n<p>Tweet<\/p>\n<p><\/a><br \/>\n\t\t\t\t\t\t\t\t\t\t\t\t<a href=\"whatsapp:\/\/send?text=Diana Lopes reage \u00e0 rutura do \u2018Grupo dos Frescos\u2019: \u201cN\u00e3o me acredito que\u2026\u201d https:\/\/cusquices.com\/diana-lopes-reage-a-rutura-do-grupo-dos-frescos-nao-me-acredito-que\/\" rel=\"nofollow\"><\/p>\n<p>Share<\/p>\n<p><\/a><br \/>\n\t\t\t\t\t\t\t\t\t\t\t\t<a href=\"#\" onclick=\"window.open('http:\/\/pinterest.com\/pin\/create\/button\/?url=https:\/\/cusquices.com\/diana-lopes-reage-a-rutura-do-grupo-dos-frescos-nao-me-acredito-que\/&amp;media=https:\/\/cusquices.com\/wp-content\/uploads\/2025\/11\/dianal-grupofrescos-1000x600.jpg&amp;description=Diana Lopes reage \u00e0 rutura do \u2018Grupo dos Frescos\u2019: \u201cN\u00e3o me acredito que\u2026\u201d', 'pinterestShare', 'width=750,height=350'); return false;\" title=\"Pin This Post\"><\/p>\n<p>Share<\/p>\n<p><\/a><br \/>\n\t\t\t\t\t\t\t\t\t\t\t\t<a href=\"mailto:?subject=Diana Lopes reage \u00e0 rutura do \u2018Grupo dos Frescos\u2019: \u201cN\u00e3o me acredito que\u2026\u201d&amp;BODY=I found this article interesting and thought of sharing it with you. Check it out: https:\/\/cusquices.com\/diana-lopes-reage-a-rutura-do-grupo-dos-frescos-nao-me-acredito-que\/\"><\/p>\n<p>Email<\/p>\n<p><\/a><br \/>\n\t\t\t\t\t\t\t\t\t\t\t\t\t\t\t\t\t\t\t\t\t\t\t\t\t\t\t\t\t\t\t\t\t\t\t\t\t\t\t\t\t\t\t\t\t\t\t\t\t\t\t\t\t<a href=\"https:\/\/cusquices.com\/diana-lopes-reage-a-rutura-do-grupo-dos-frescos-nao-me-acredito-que\/#respond\" rel=\"nofollow noopener\" target=\"_blank\"><\/p>\n<p>Jogo? Miss\u00e3o? Diana Lopes aponta rutura dos \u2018frescos\u2019 como potencial estrat\u00e9gia de Leandro. Ser\u00e1?<\/p>\n<p>O \u201cgrupo dos frescos\u201d est\u00e1 a desmoronar-se e, no especial desta ter\u00e7a-feira, 11 de novembro, <strong>Leandro <\/strong>deixou claro que quer cortar la\u00e7os com os colegas, afirmando sentir-se cada vez mais afastado.<br \/><strong>\u201cJ\u00e1 disse a cada um deles que prefiro desvincular-me desta situa\u00e7\u00e3o. N\u00e3o vou continuar a arrastar isto nem a arrast\u00e1-los comigo. Quando vejo determinadas situa\u00e7\u00f5es, sinto que vos arrasto e ainda sou arrastado por voc\u00eas\u201d,<\/strong> desabafou o concorrente.<\/p>\n<p>A rutura do grupo est\u00e1 a gerar debate e a dividir opini\u00f5es. Enquanto<a href=\"https:\/\/cusquices.com\/grupo-dos-frescos-em-rutura-marcia-soares-ja-reagiu-e-toma-partido-de-um-dos-concorrentes-e-aponta-o-potencial-culpado\/\" target=\"_blank\" rel=\"noreferrer noopener nofollow\"> <strong>Marcia Soares<\/strong> considera que o afastamento se deve<\/a>, sobretudo, \u00e0 influ\u00eancia de <strong>Marisa<\/strong> e defende que<strong> Leandro<\/strong> fez de tudo para manter o grupo unido, <strong>Diana Lopes<\/strong> tem outra vis\u00e3o e acredita que tudo n\u00e3o passa de uma jogada estrat\u00e9gica do chef de cozinha.<\/p>\n<p><strong>\u201cO Leandro recalculou a rota. N\u00e3o me acredito que seja miss\u00e3o, acredito-me mais que tudo isto passe de uma estrat\u00e9gia para se reverter em protagonismo. Falta uma coisa que a meu ver \u00e9 essencial: Explicar-nos isso. (Isto se a minha teoria tiver um fundo de verdade).\u201d,<\/strong> reagiu Diana Lopes nas suas redes sociais.<\/p>\n<blockquote class=\"twitter-tweet\">\n<p lang=\"pt\" dir=\"ltr\">O Leandro recalculou a rota. N\u00e3o me acredito que seja miss\u00e3o, acredito-me mais que tudo isto passe de uma estrat\u00e9gia para se reverter em protagonismo. Falta uma coisa que a meu ver \u00e9 essencial: Explicar-nos isso. <br \/>(Isto se a minha teoria tiver um fundo de verdade). <a href=\"https:\/\/twitter.com\/hashtag\/sstvi?src=hash&amp;ref_src=twsrc%5Etfw\" rel=\"nofollow noopener\" target=\"_blank\">#sstvi<\/a><\/p>\n<p>\u2014 Diana Lopes (@dianaftlopes) <a href=\"https:\/\/twitter.com\/dianaftlopes\/status\/1988402763701895377?ref_src=twsrc%5Etfw\" rel=\"nofollow noopener\" target=\"_blank\">November 12, 2025<\/a><\/p><\/blockquote>\n<p><strong>Leia tamb\u00e9m:<\/strong><\/p>\n<p>\t\t\t\t\t\t\t\t\t\t\t\t\t\t\t\t\t\t\t\t\t\t\t\t\t<img decoding=\"async\" src=\"https:\/\/www.europesays.com\/pt\/wp-content\/uploads\/2025\/10\/cusquices-logo-52x.png\" class=\"webpexpress-processed\"\/><\/p>\n<p>\t\t\t\t\t\t\t\t\t\t\t\t\t\t\t\t\t\t\t\t\t            \t\t\t\t\t\t\t\t\t\t\t\t\t\t\t\t\t\t\t\t\t\t\t\t\t\t\t\t\t\t\t\t\t\t\t\t\t\t\t<script async src=\"https:\/\/platform.twitter.com\/widgets.js\" charset=\"utf-8\"><\/script><\/p>\n","protected":false},"excerpt":{"rendered":"Share Tweet Share Share Email Jogo? Miss\u00e3o? Diana Lopes aponta rutura dos \u2018frescos\u2019 como potencial estrat\u00e9gia de Leandro.&hellip;\n","protected":false},"author":2,"featured_media":150050,"comment_status":"","ping_status":"","sticky":false,"template":"","format":"standard","meta":{"footnotes":""},"categories":[85],"tags":[2632,49,558,114,115,12397,21766,19153,21416,32,33],"class_list":{"0":"post-150049","1":"post","2":"type-post","3":"status-publish","4":"format-standard","5":"has-post-thumbnail","7":"category-entretenimento","8":"tag-casa-dos-segredos","9":"tag-destaques","10":"tag-diana-lopes","11":"tag-entertainment","12":"tag-entretenimento","13":"tag-leandro","14":"tag-marisa-pires","15":"tag-marisa-susana","16":"tag-pedro-jorge","17":"tag-portugal","18":"tag-pt"},"share_on_mastodon":{"url":"https:\/\/pubeurope.com\/@pt\/115539589541287514","error":""},"_links":{"self":[{"href":"https:\/\/www.europesays.com\/pt\/wp-json\/wp\/v2\/posts\/150049","targetHints":{"allow":["GET"]}}],"collection":[{"href":"https:\/\/www.europesays.com\/pt\/wp-json\/wp\/v2\/posts"}],"about":[{"href":"https:\/\/www.europesays.com\/pt\/wp-json\/wp\/v2\/types\/post"}],"author":[{"embeddable":true,"href":"https:\/\/www.europesays.com\/pt\/wp-json\/wp\/v2\/users\/2"}],"replies":[{"embeddable":true,"href":"https:\/\/www.europesays.com\/pt\/wp-json\/wp\/v2\/comments?post=150049"}],"version-history":[{"count":0,"href":"https:\/\/www.europesays.com\/pt\/wp-json\/wp\/v2\/posts\/150049\/revisions"}],"wp:featuredmedia":[{"embeddable":true,"href":"https:\/\/www.europesays.com\/pt\/wp-json\/wp\/v2\/media\/150050"}],"wp:attachment":[{"href":"https:\/\/www.europesays.com\/pt\/wp-json\/wp\/v2\/media?parent=150049"}],"wp:term":[{"taxonomy":"category","embeddable":true,"href":"https:\/\/www.europesays.com\/pt\/wp-json\/wp\/v2\/categories?post=150049"},{"taxonomy":"post_tag","embeddable":true,"href":"https:\/\/www.europesays.com\/pt\/wp-json\/wp\/v2\/tags?post=150049"}],"curies":[{"name":"wp","href":"https:\/\/api.w.org\/{rel}","templated":true}]}}