{"id":150059,"date":"2025-11-13T00:47:12","date_gmt":"2025-11-13T00:47:12","guid":{"rendered":"https:\/\/www.europesays.com\/pt\/150059\/"},"modified":"2025-11-13T00:47:12","modified_gmt":"2025-11-13T00:47:12","slug":"doido-por-carros-e-por-missas-chegou-o-primeiro-documentario-sobre-a-vida-de-leao-xiv-new-in-coimbra","status":"publish","type":"post","link":"https:\/\/www.europesays.com\/pt\/150059\/","title":{"rendered":"Doido por carros e por missas. Chegou o primeiro document\u00e1rio sobre a vida de Le\u00e3o XIV \u2014 New in Coimbra"},"content":{"rendered":"<p>Durante v\u00e1rios meses ap\u00f3s o Conclave, Papa Le\u00e3o XIV permaneceu uma figura envolta em mist\u00e9rio. Pouco se sabia sobre o seu passado at\u00e9 ao lan\u00e7amento da biografia oficial, em junho. Agora, a vida de Robert Francis Prevost ganha novos detalhes no document\u00e1rio \u201cLeo From Chicago\u201d, lan\u00e7ado pelo Vaticano no YouTube a 10 de novembro.<\/p>\n<p>A produ\u00e7\u00e3o recua at\u00e9 \u00e0 inf\u00e2ncia do Papa Le\u00e3o XIV, passada em Dolton, Chicago, numa casa modesta onde vivia com os pais e dois irm\u00e3os. O espa\u00e7o tinha apenas um quarto, uma casa de banho e as divis\u00f5es comuns. A f\u00e9 fazia parte do quotidiano. \u201cA m\u00e3e via a missa todos os dias enquanto Prevost se preparava para ir para a escola\u201d, revela o document\u00e1rio.<\/p>\n<p>Com 52 minutos de dura\u00e7\u00e3o, o filme re\u00fane fotografias in\u00e9ditas do l\u00edder da Igreja Cat\u00f3lica e entrevistas com 30 pessoas pr\u00f3ximas, entre familiares, amigos e colegas de escola, que ajudam a tra\u00e7ar o percurso desde a juventude at\u00e9 ao Vaticano.<\/p>\n<p>Quando era mi\u00fado, organizava missas improvisadas com os irm\u00e3os e vizinhos. \u201cAlgumas crian\u00e7as gostam de brincar \u00e0 guerra e de ser soldados? Ele queria fazer de padre\u201d, contou John Prevost, um dos irm\u00e3os. \u201cEle pegava na t\u00e1bua de passar roupa da nossa m\u00e3e, cobria com uma toalha de mesa e dizia que era o altar. Sabia as ora\u00e7\u00f5es em ingl\u00eas e em latim e fazia isso o tempo todo. Levava tudo muito a s\u00e9rio.\u201d<\/p>\n<p>O document\u00e1rio est\u00e1 dispon\u00edvel gratuitamente no YouTube e revela ainda algumas curiosidades sobre Le\u00e3o XIV: adora conduzir, \u00e9 extremamente estudioso e tem um sentido de humor muito apurado.<\/p>\n<p>Carregue na galeria para conhecer alguns dos filmes que estreiam em novembro nas plataformas de streaming.<\/p>\n","protected":false},"excerpt":{"rendered":"Durante v\u00e1rios meses ap\u00f3s o Conclave, Papa Le\u00e3o XIV permaneceu uma figura envolta em mist\u00e9rio. Pouco se sabia&hellip;\n","protected":false},"author":2,"featured_media":150060,"comment_status":"","ping_status":"","sticky":false,"template":"","format":"standard","meta":{"footnotes":""},"categories":[140],"tags":[114,115,147,148,146,32,33],"class_list":{"0":"post-150059","1":"post","2":"type-post","3":"status-publish","4":"format-standard","5":"has-post-thumbnail","7":"category-filmes","8":"tag-entertainment","9":"tag-entretenimento","10":"tag-film","11":"tag-filmes","12":"tag-movies","13":"tag-portugal","14":"tag-pt"},"share_on_mastodon":{"url":"https:\/\/pubeurope.com\/@pt\/115539636754895606","error":""},"_links":{"self":[{"href":"https:\/\/www.europesays.com\/pt\/wp-json\/wp\/v2\/posts\/150059","targetHints":{"allow":["GET"]}}],"collection":[{"href":"https:\/\/www.europesays.com\/pt\/wp-json\/wp\/v2\/posts"}],"about":[{"href":"https:\/\/www.europesays.com\/pt\/wp-json\/wp\/v2\/types\/post"}],"author":[{"embeddable":true,"href":"https:\/\/www.europesays.com\/pt\/wp-json\/wp\/v2\/users\/2"}],"replies":[{"embeddable":true,"href":"https:\/\/www.europesays.com\/pt\/wp-json\/wp\/v2\/comments?post=150059"}],"version-history":[{"count":0,"href":"https:\/\/www.europesays.com\/pt\/wp-json\/wp\/v2\/posts\/150059\/revisions"}],"wp:featuredmedia":[{"embeddable":true,"href":"https:\/\/www.europesays.com\/pt\/wp-json\/wp\/v2\/media\/150060"}],"wp:attachment":[{"href":"https:\/\/www.europesays.com\/pt\/wp-json\/wp\/v2\/media?parent=150059"}],"wp:term":[{"taxonomy":"category","embeddable":true,"href":"https:\/\/www.europesays.com\/pt\/wp-json\/wp\/v2\/categories?post=150059"},{"taxonomy":"post_tag","embeddable":true,"href":"https:\/\/www.europesays.com\/pt\/wp-json\/wp\/v2\/tags?post=150059"}],"curies":[{"name":"wp","href":"https:\/\/api.w.org\/{rel}","templated":true}]}}