{"id":150068,"date":"2025-11-13T01:02:34","date_gmt":"2025-11-13T01:02:34","guid":{"rendered":"https:\/\/www.europesays.com\/pt\/150068\/"},"modified":"2025-11-13T01:02:34","modified_gmt":"2025-11-13T01:02:34","slug":"antes-da-estreia-do-trailer-a-marvel-revela-2-cenas-de-tirar-o-folego","status":"publish","type":"post","link":"https:\/\/www.europesays.com\/pt\/150068\/","title":{"rendered":"Antes da estreia do trailer, a Marvel revela 2 cenas de tirar o f\u00f4lego"},"content":{"rendered":"<p><a href=\"https:\/\/legadodamarvel.com.br\/filme\/vingadores-doomsday\" rel=\"nofollow noopener\" target=\"_blank\">Vingadores 5: Doomsday<\/a> \u00e9, sem d\u00favidas, o filme mais aguardado de 2026, mesmo ainda n\u00e3o tendo lan\u00e7ado sequer o seu trailer oficial.<\/p>\n<p>Mas isso est\u00e1 cada vez mais perto de acontecer. Recentemente, a produ\u00e7\u00e3o revelou que lan\u00e7ar\u00e1 o primeiro trailer do filme em dezembro, junto com as c\u00f3pias de Avatar: Fogo e Cinzas.<\/p>\n<p>O novo filme da franquia Avatar chegar\u00e1 aos cinemas brasileiros no dia 18 de dezembro, e ser\u00e1 nessa semana que contaremos com o lan\u00e7amento do trailer do novo Vingadores.<\/p>\n<p>Vingadores 5 j\u00e1 revelou 2 cenas incr\u00edveis!<\/p>\n<p>No entanto, antes mesmo do lan\u00e7amento do trailer, a Marvel j\u00e1 liberou duas cenas oficiais do filme, para a alegria dos f\u00e3s que aguardam pela produ\u00e7\u00e3o.<\/p>\n<p>Os \u00faltimos lan\u00e7amentos da Marvel no cinema foram <a href=\"https:\/\/legadodamarvel.com.br\/filme\/thunderbolts\/\" rel=\"nofollow noopener\" target=\"_blank\">Thunderbolts*<\/a> e <a href=\"https:\/\/legadodamarvel.com.br\/filme\/quarteto-fantastico-primeiros-passos\" rel=\"nofollow noopener\" target=\"_blank\">Quarteto Fant\u00e1stico: Primeiros Passos<\/a>. E ambos os filmes contaram com cenas de Vingadores 5 nos p\u00f3s-cr\u00e9ditos bem especiais.<\/p>\n<p>Em Thunderbolts* acompanhamos o Quarteto Fant\u00e1stico chegando \u00e0 Terra-616, enquanto no filme da equipe vemos o Doutor Destino interagindo com o Franklin Richards, o filho da Sue e do Reed.<\/p>\n<p>Sendo assim, a pr\u00f3pria Marvel Studios confirmou que estas duas cenas p\u00f3s-cr\u00e9ditos foram dirigidas pelos Irm\u00e3os Russo, os diretores do pr\u00f3ximo filme dos Vingadores. Ou seja, j\u00e1 temos duas pr\u00e9via de Vingadores 5 antes mesmo do trailer ser lan\u00e7ado.<\/p>\n<p>A Marvel j\u00e1 fez isso outras vezes! <img loading=\"lazy\" decoding=\"async\" class=\"lazyload aligncenter size-full wp-image-164105\" viewbox=\"0 0 1280 640\" src=\"https:\/\/www.europesays.com\/pt\/wp-content\/uploads\/2025\/11\/homem-formig-cena-pos-creditos-capitao-america-guerra-civil-legadodamarvel.webp.webp\" alt=\"cena p\u00f3s-cr\u00e9ditos de homem-formiga\" width=\"1280\" height=\"640\"  data-\/><\/p>\n<p>Em <a href=\"https:\/\/legadodamarvel.com.br\/tag\/homem-formiga-2015\" rel=\"nofollow noopener\" target=\"_blank\">Homem-Formiga<\/a>, filme de 2015, a cena p\u00f3s-cr\u00e9ditos tamb\u00e9m foi comandada pelos Irm\u00e3os Russo. Neste caso, a cena pertencia a <a href=\"https:\/\/legadodamarvel.com.br\/tag\/capitao-america-guerra-civil\" rel=\"nofollow noopener\" target=\"_blank\">Capit\u00e3o Am\u00e9rica: Guerra Civil<\/a>, que chegou aos cinemas um ano depois, em 2016.<\/p>\n<p>Pelas cenas j\u00e1 apresentadas nos cr\u00e9ditos de Thunderbolts* e Quarteto Fant\u00e1stico, podemos esperar grandes participa\u00e7\u00f5es das duas equipes em Vingadores 5.<\/p>\n<p>Especialmente, as cenas parecem indicar que os Irm\u00e3os Russo est\u00e3o retornando com tudo, algo que o trailer de Vingadores 5 deve deixar ainda mais claro no pr\u00f3ximo m\u00eas.<\/p>\n<p><strong>LEIA TAMB\u00c9M:<\/strong><\/p>\n<p>O que acharam? Deixe sua opini\u00e3o nos coment\u00e1rios e, por fim, continue acompanhando o\u00a0<strong>Legado da Marvel\u00a0<\/strong>para n\u00e3o perder nenhuma novidade!<\/p>\n","protected":false},"excerpt":{"rendered":"Vingadores 5: Doomsday \u00e9, sem d\u00favidas, o filme mais aguardado de 2026, mesmo ainda n\u00e3o tendo lan\u00e7ado sequer&hellip;\n","protected":false},"author":2,"featured_media":150069,"comment_status":"","ping_status":"","sticky":false,"template":"","format":"standard","meta":{"footnotes":""},"categories":[140],"tags":[114,115,147,148,146,32,33,14176],"class_list":{"0":"post-150068","1":"post","2":"type-post","3":"status-publish","4":"format-standard","5":"has-post-thumbnail","7":"category-filmes","8":"tag-entertainment","9":"tag-entretenimento","10":"tag-film","11":"tag-filmes","12":"tag-movies","13":"tag-portugal","14":"tag-pt","15":"tag-vingadores-doomsday"},"share_on_mastodon":{"url":"https:\/\/pubeurope.com\/@pt\/115539695858266445","error":""},"_links":{"self":[{"href":"https:\/\/www.europesays.com\/pt\/wp-json\/wp\/v2\/posts\/150068","targetHints":{"allow":["GET"]}}],"collection":[{"href":"https:\/\/www.europesays.com\/pt\/wp-json\/wp\/v2\/posts"}],"about":[{"href":"https:\/\/www.europesays.com\/pt\/wp-json\/wp\/v2\/types\/post"}],"author":[{"embeddable":true,"href":"https:\/\/www.europesays.com\/pt\/wp-json\/wp\/v2\/users\/2"}],"replies":[{"embeddable":true,"href":"https:\/\/www.europesays.com\/pt\/wp-json\/wp\/v2\/comments?post=150068"}],"version-history":[{"count":0,"href":"https:\/\/www.europesays.com\/pt\/wp-json\/wp\/v2\/posts\/150068\/revisions"}],"wp:featuredmedia":[{"embeddable":true,"href":"https:\/\/www.europesays.com\/pt\/wp-json\/wp\/v2\/media\/150069"}],"wp:attachment":[{"href":"https:\/\/www.europesays.com\/pt\/wp-json\/wp\/v2\/media?parent=150068"}],"wp:term":[{"taxonomy":"category","embeddable":true,"href":"https:\/\/www.europesays.com\/pt\/wp-json\/wp\/v2\/categories?post=150068"},{"taxonomy":"post_tag","embeddable":true,"href":"https:\/\/www.europesays.com\/pt\/wp-json\/wp\/v2\/tags?post=150068"}],"curies":[{"name":"wp","href":"https:\/\/api.w.org\/{rel}","templated":true}]}}