{"id":150074,"date":"2025-11-13T01:11:18","date_gmt":"2025-11-13T01:11:18","guid":{"rendered":"https:\/\/www.europesays.com\/pt\/150074\/"},"modified":"2025-11-13T01:11:18","modified_gmt":"2025-11-13T01:11:18","slug":"lindsay-lohan-quer-novos-papeis-muito-mais-para-mostrar-12-11-2025-cinema-e-series","status":"publish","type":"post","link":"https:\/\/www.europesays.com\/pt\/150074\/","title":{"rendered":"Lindsay Lohan quer novos pap\u00e9is: &#8216;Muito mais para mostrar&#8217; &#8211; 12\/11\/2025 &#8211; Cinema e S\u00e9ries"},"content":{"rendered":"<p>\n<strong class=\"c-signature__location\">S\u00e3o Paulo<\/strong>\n<\/p>\n<p><a href=\"https:\/\/www1.folha.uol.com.br\/folha-topicos\/lindsay-lohan\/\" rel=\"nofollow noopener\" target=\"_blank\">Lindsay Lohan<\/a>, 39, n\u00e3o precisou trocar de corpo com ningu\u00e9m para viver v\u00e1rias vidas. De estrela precoce a adolescente festeira com companhias duvidosas cujos passos eram seguidos de perto pelos paparazzi, ela precisou dar um tempo de <a href=\"https:\/\/www1.folha.uol.com.br\/folha-topicos\/hollywood\/\" rel=\"nofollow noopener\" target=\"_blank\">Hollywood<\/a> para descobrir quem era. Passou quase uma d\u00e9cada afastada dos sets de filmagem. Virou m\u00e3e, se mudou para <a href=\"https:\/\/www1.folha.uol.com.br\/folha-topicos\/dubai\/\" rel=\"nofollow noopener\" target=\"_blank\">Dubai<\/a> e, aos poucos, est\u00e1 retomando as r\u00e9deas da carreira.<\/p>\n","protected":false},"excerpt":{"rendered":"S\u00e3o Paulo Lindsay Lohan, 39, n\u00e3o precisou trocar de corpo com ningu\u00e9m para viver v\u00e1rias vidas. De estrela&hellip;\n","protected":false},"author":2,"featured_media":150075,"comment_status":"","ping_status":"","sticky":false,"template":"","format":"standard","meta":{"footnotes":""},"categories":[145],"tags":[16052,219,211,210,470,223,7539,1579,114,115,224,225,226,2595,221,220,222,7082,32,33,940,218,228,227],"class_list":{"0":"post-150074","1":"post","2":"type-post","3":"status-publish","4":"format-standard","5":"has-post-thumbnail","7":"category-celebridades","8":"tag-anos-2000","9":"tag-bichos","10":"tag-celebridades","11":"tag-celebrities","12":"tag-cinema","13":"tag-colunistas","14":"tag-disney-plus","15":"tag-disney","16":"tag-entertainment","17":"tag-entretenimento","18":"tag-estranho","19":"tag-eu-amo","20":"tag-fofices","21":"tag-hollywood","22":"tag-horoscopo","23":"tag-humanos","24":"tag-humor","25":"tag-lindsay-lohan","26":"tag-portugal","27":"tag-pt","28":"tag-streaming","29":"tag-televisao","30":"tag-tudo","31":"tag-videos"},"share_on_mastodon":{"url":"https:\/\/pubeurope.com\/@pt\/115539730988365325","error":""},"_links":{"self":[{"href":"https:\/\/www.europesays.com\/pt\/wp-json\/wp\/v2\/posts\/150074","targetHints":{"allow":["GET"]}}],"collection":[{"href":"https:\/\/www.europesays.com\/pt\/wp-json\/wp\/v2\/posts"}],"about":[{"href":"https:\/\/www.europesays.com\/pt\/wp-json\/wp\/v2\/types\/post"}],"author":[{"embeddable":true,"href":"https:\/\/www.europesays.com\/pt\/wp-json\/wp\/v2\/users\/2"}],"replies":[{"embeddable":true,"href":"https:\/\/www.europesays.com\/pt\/wp-json\/wp\/v2\/comments?post=150074"}],"version-history":[{"count":0,"href":"https:\/\/www.europesays.com\/pt\/wp-json\/wp\/v2\/posts\/150074\/revisions"}],"wp:featuredmedia":[{"embeddable":true,"href":"https:\/\/www.europesays.com\/pt\/wp-json\/wp\/v2\/media\/150075"}],"wp:attachment":[{"href":"https:\/\/www.europesays.com\/pt\/wp-json\/wp\/v2\/media?parent=150074"}],"wp:term":[{"taxonomy":"category","embeddable":true,"href":"https:\/\/www.europesays.com\/pt\/wp-json\/wp\/v2\/categories?post=150074"},{"taxonomy":"post_tag","embeddable":true,"href":"https:\/\/www.europesays.com\/pt\/wp-json\/wp\/v2\/tags?post=150074"}],"curies":[{"name":"wp","href":"https:\/\/api.w.org\/{rel}","templated":true}]}}