{"id":150084,"date":"2025-11-13T01:28:12","date_gmt":"2025-11-13T01:28:12","guid":{"rendered":"https:\/\/www.europesays.com\/pt\/150084\/"},"modified":"2025-11-13T01:28:12","modified_gmt":"2025-11-13T01:28:12","slug":"milhares-investidos-em-votos-fora-de-secret-story-familia-de-dylan-faz-esclarecimento-definitivo","status":"publish","type":"post","link":"https:\/\/www.europesays.com\/pt\/150084\/","title":{"rendered":"Milhares investidos em votos? Fora de &#8220;Secret Story&#8221;, fam\u00edlia de Dylan faz esclarecimento definitivo!"},"content":{"rendered":"<p>Desde que foi revelado o enigma que Dylan Fonte esconde dos demais concorrentes da nona edi\u00e7\u00e3o de &#8220;Secret Story &#8211; Casa dos Segredos&#8221; &#8211; &#8220;Os meus pais s\u00e3o milion\u00e1rios&#8221; -, surgiram rumores de que a fam\u00edlia do jovem poderia estar a investir uma grande quantia de dinheiro para garantir a continuidade do mesmo no reality show da <a href=\"https:\/\/tvi.iol.pt\/\" target=\"_blank\" rel=\"nofollow noopener\">TVI<\/a>.<\/p>\n<p>Recentes not\u00edcias vieram refor\u00e7ar esses boatos, o que levou a equipa de <a href=\"https:\/\/selfie.iol.pt\/famosos\/casa-dos-segredos\/sincera-mae-de-ines-fala-sobre-romance-da-filha-com-dylan-talvez-seja-jogo\/20251109\/69111e3bd34e2bd5c6d3cf50\" target=\"_blank\" rel=\"nofollow noopener\">Dylan Fonte<\/a> a colocar um trav\u00e3o. Numa mensagem publicada no Instagram, os familiares do morador da casa mais vigiada do Pa\u00eds vieram &#8220;desmentir qualquer not\u00edcia que fale sobre este assunto&#8221;.<\/p>\n<p>&#8220;Nunca foi falado a nenhum site de not\u00edcias\/revista algo deste g\u00e9nero como est\u00e1 aqui escrito (&#8216;Vamos investir milhares&#8217;)&#8221;, afian\u00e7am, deixando uma certeza: &#8220;Estamos, sim, a apoiar o Dylan, como qualquer fam\u00edlia apoiaria, mas n\u00e3o como as pessoas acham.&#8221;<\/p>\n<p>Veja, agora, v\u00eddeos de <a href=\"https:\/\/selfie.iol.pt\/famosos\/casa-dos-segredos\/em-plena-gala-vera-lanca-farpas-sobre-dylan-ate-tem-atracao-pelas-paredes-da-casa\/20251109\/691113b4d34e2bd5c6d3cee1\" target=\"_blank\" rel=\"nofollow noopener\">Dylan Fonte<\/a> em &#8220;<a href=\"https:\/\/tvi.iol.pt\/secretstory\/\" target=\"_blank\" rel=\"nofollow noopener\">Secret Story<\/a> &#8211; Casa dos Segredos&#8221;.<\/p>\n<blockquote class=\"instagram-media\" data-instgrm-captioned=\"\" data-instgrm-permalink=\"https:\/\/www.instagram.com\/p\/DQ9SVk4CFHA\/?utm_source=ig_embed&amp;utm_campaign=loading\" data-instgrm-version=\"14\" style=\" background:#FFF; border:0; border-radius:3px; box-shadow:0 0 1px 0 rgba(0,0,0,0.5),0 1px 10px 0 rgba(0,0,0,0.15); margin: 1px; max-width:540px; min-width:326px; padding:0; width:99.375%; width:-webkit-calc(100% - 2px); width:calc(100% - 2px);\">\n<\/blockquote>\n<p>\u00a0<\/p>\n<p>                        <script async src=\"\/\/www.instagram.com\/embed.js\"><\/script><\/p>\n","protected":false},"excerpt":{"rendered":"Desde que foi revelado o enigma que Dylan Fonte esconde dos demais concorrentes da nona edi\u00e7\u00e3o de &#8220;Secret&hellip;\n","protected":false},"author":2,"featured_media":102898,"comment_status":"","ping_status":"","sticky":false,"template":"","format":"standard","meta":{"footnotes":""},"categories":[142],"tags":[2632,13471,6338,19105,21040,114,115,980,1015,619,32,33,1014,1315,6985,16687,16686,1012,6986,16688,151,162],"class_list":{"0":"post-150084","1":"post","2":"type-post","3":"status-publish","4":"format-standard","5":"has-post-thumbnail","7":"category-tv","8":"tag-casa-dos-segredos","9":"tag-casa-dos-segredos-9","10":"tag-concorrente","11":"tag-dylan","12":"tag-dylan-fonte","13":"tag-entertainment","14":"tag-entretenimento","15":"tag-famosos","16":"tag-instagram","17":"tag-nacional","18":"tag-portugal","19":"tag-pt","20":"tag-reality-show","21":"tag-secret-story","22":"tag-secret-story-casa-dos-segredos","23":"tag-secret-story-casa-dos-segredos-9","24":"tag-secret-story-9","25":"tag-selfie","26":"tag-ss","27":"tag-ss9","28":"tag-tv","29":"tag-tvi"},"share_on_mastodon":{"url":"https:\/\/pubeurope.com\/@pt\/115539797963887353","error":""},"_links":{"self":[{"href":"https:\/\/www.europesays.com\/pt\/wp-json\/wp\/v2\/posts\/150084","targetHints":{"allow":["GET"]}}],"collection":[{"href":"https:\/\/www.europesays.com\/pt\/wp-json\/wp\/v2\/posts"}],"about":[{"href":"https:\/\/www.europesays.com\/pt\/wp-json\/wp\/v2\/types\/post"}],"author":[{"embeddable":true,"href":"https:\/\/www.europesays.com\/pt\/wp-json\/wp\/v2\/users\/2"}],"replies":[{"embeddable":true,"href":"https:\/\/www.europesays.com\/pt\/wp-json\/wp\/v2\/comments?post=150084"}],"version-history":[{"count":0,"href":"https:\/\/www.europesays.com\/pt\/wp-json\/wp\/v2\/posts\/150084\/revisions"}],"wp:featuredmedia":[{"embeddable":true,"href":"https:\/\/www.europesays.com\/pt\/wp-json\/wp\/v2\/media\/102898"}],"wp:attachment":[{"href":"https:\/\/www.europesays.com\/pt\/wp-json\/wp\/v2\/media?parent=150084"}],"wp:term":[{"taxonomy":"category","embeddable":true,"href":"https:\/\/www.europesays.com\/pt\/wp-json\/wp\/v2\/categories?post=150084"},{"taxonomy":"post_tag","embeddable":true,"href":"https:\/\/www.europesays.com\/pt\/wp-json\/wp\/v2\/tags?post=150084"}],"curies":[{"name":"wp","href":"https:\/\/api.w.org\/{rel}","templated":true}]}}