{"id":150096,"date":"2025-11-13T01:45:32","date_gmt":"2025-11-13T01:45:32","guid":{"rendered":"https:\/\/www.europesays.com\/pt\/150096\/"},"modified":"2025-11-13T01:45:32","modified_gmt":"2025-11-13T01:45:32","slug":"ederson-man-city-nao-fazia-sentido-ficar-se-nao-estava-feliz","status":"publish","type":"post","link":"https:\/\/www.europesays.com\/pt\/150096\/","title":{"rendered":"Ederson: \u00abMan. City? N\u00e3o fazia sentido ficar se n\u00e3o estava feliz&#8230;\u00bb"},"content":{"rendered":"<p>Ao fim de oito temporadas no Manchester City, Ederson rumou ao futebol turco, para representar o Fenerbah\u00e7e, e assegurou estar feliz com este novo desafio que lhe permitiu \u00abrespirar futebol outra vez\u00bb.<\/p>\n<p>Em declara\u00e7\u00f5es ao jornal\u00a0The Sun, o antigo guarda-redes do Benfica admitiu que n\u00e3o se sentia feliz nos\u00a0citizens, apesar de todas as conquistas ao longo dos anos, e deixou rasgados elogios a Pep Guardiola.<\/p>\n<p>\u00abN\u00e3o fazia sentido ficar num clube grande e vitorioso se n\u00e3o estava feliz. Isso vai-te afetar de qualquer maneira. \u00c0s vezes, novos desafios s\u00e3o bons para a carreira e, com esta mudan\u00e7a, estou a respirar &#8220;futebol&#8221; outra vez. Estou muito feliz com este desafio e com vontade de vencer\u00bb, afirmou.<\/p>\n<p>\u00ab\u00c9 dif\u00edcil de explicar a conversa que tive com o Pep ao telefone. Adoro-o, adoro a mentalidade dele e para mim \u00e9 o melhor treinador do nosso tempo. Foi um gosto poder trabalhar com ele. Eu j\u00e1 pensava em sair do Man. City na temporada de 2024\/25, s\u00f3 que n\u00e3o aconteceu\u00bb, acrescentou.<\/p>\n<p>Desde que chegou ao Fenerbah\u00e7e, Ederson soma dez jogos pela equipa principal, sendo que o clube ocupa o segundo lugar da Liga Turca, a apenas um ponto do Galatasaray.<\/p>\n","protected":false},"excerpt":{"rendered":"Ao fim de oito temporadas no Manchester City, Ederson rumou ao futebol turco, para representar o Fenerbah\u00e7e, e&hellip;\n","protected":false},"author":2,"featured_media":150097,"comment_status":"","ping_status":"","sticky":false,"template":"","format":"standard","meta":{"footnotes":""},"categories":[87],"tags":[135,32688,918,46,40,1382,42,41,2960,32,33,47,134,35,2428],"class_list":{"0":"post-150096","1":"post","2":"type-post","3":"status-publish","4":"format-standard","5":"has-post-thumbnail","7":"category-desporto","8":"tag-desporto","9":"tag-ederson","10":"tag-fenerbahce","11":"tag-maisfutebol","12":"tag-maistransferencias","13":"tag-manchester-city","14":"tag-mercado","15":"tag-mercado-de-transferencias","16":"tag-pep-guardiola","17":"tag-portugal","18":"tag-pt","19":"tag-pura-paixao","20":"tag-sports","21":"tag-transferencias","22":"tag-turquia"},"share_on_mastodon":{"url":"https:\/\/pubeurope.com\/@pt\/115539864606589346","error":""},"_links":{"self":[{"href":"https:\/\/www.europesays.com\/pt\/wp-json\/wp\/v2\/posts\/150096","targetHints":{"allow":["GET"]}}],"collection":[{"href":"https:\/\/www.europesays.com\/pt\/wp-json\/wp\/v2\/posts"}],"about":[{"href":"https:\/\/www.europesays.com\/pt\/wp-json\/wp\/v2\/types\/post"}],"author":[{"embeddable":true,"href":"https:\/\/www.europesays.com\/pt\/wp-json\/wp\/v2\/users\/2"}],"replies":[{"embeddable":true,"href":"https:\/\/www.europesays.com\/pt\/wp-json\/wp\/v2\/comments?post=150096"}],"version-history":[{"count":0,"href":"https:\/\/www.europesays.com\/pt\/wp-json\/wp\/v2\/posts\/150096\/revisions"}],"wp:featuredmedia":[{"embeddable":true,"href":"https:\/\/www.europesays.com\/pt\/wp-json\/wp\/v2\/media\/150097"}],"wp:attachment":[{"href":"https:\/\/www.europesays.com\/pt\/wp-json\/wp\/v2\/media?parent=150096"}],"wp:term":[{"taxonomy":"category","embeddable":true,"href":"https:\/\/www.europesays.com\/pt\/wp-json\/wp\/v2\/categories?post=150096"},{"taxonomy":"post_tag","embeddable":true,"href":"https:\/\/www.europesays.com\/pt\/wp-json\/wp\/v2\/tags?post=150096"}],"curies":[{"name":"wp","href":"https:\/\/api.w.org\/{rel}","templated":true}]}}