{"id":150105,"date":"2025-11-13T02:09:15","date_gmt":"2025-11-13T02:09:15","guid":{"rendered":"https:\/\/www.europesays.com\/pt\/150105\/"},"modified":"2025-11-13T02:09:15","modified_gmt":"2025-11-13T02:09:15","slug":"villas-boas-enviou-mensagem-a-hulk-somos-amigos-de-alma-e-coracao","status":"publish","type":"post","link":"https:\/\/www.europesays.com\/pt\/150105\/","title":{"rendered":"Villas-Boas enviou mensagem a Hulk: \u00abSomos amigos de alma e cora\u00e7\u00e3o\u00bb"},"content":{"rendered":"<p>Hulk atingiu a <a href=\"https:\/\/maisfutebol.iol.pt\/brasileirao\/internacional\/hulk-chega-aos-500-golos-estou-entre-os-dez-que-chegaram-a-essa-marca\" rel=\"nofollow noopener\" target=\"_blank\">marca redonda dos 500 golos na carreira <\/a>ao servi\u00e7o do Atl\u00e9tico Mineiro e foi alvo de uma homenagem que contou com o testemunho de v\u00e1rias personalidades que estiveram relacionadas com a carreira do possante avan\u00e7ado, entre as quais, Andr\u00e9 Villas-Boas que, al\u00e9m de ser presidente do FC Porto, foi treinador do internacional brasileiro em tr\u00eas clubes diferentes: FC Porto, Zenit e Shanghai FC.<\/p>\n<p>Villas-Boas enviou uma mensagem-v\u00eddeo, gravada em pleno relvado do Drag\u00e3o, onde Hulk marcou boa parte dos golos da sua carreira [77 golos pelo FC Porto].<\/p>\n<p>\u00abAtingiste 500 golos na carreira e eu presenciei muitos deles. Presenciei muitos deles nesta baliza que tu marcaste e na outra do outro lado, tamb\u00e9m. Fui teu treinador em tr\u00eas clubes diferentes: no FC Porto, no Zenit, no Shanghai. Deixaste-me sempre boas mem\u00f3rias, um atleta de topo, um brincalh\u00e3o e um brig\u00e3o\u00bb, come\u00e7a por destacar o antigo treinador.<\/p>\n<p><img decoding=\"async\" alt=\"\" src=\"https:\/\/www.europesays.com\/pt\/wp-content\/uploads\/2025\/11\/14109039.webp\"\/><\/p>\n<p>O presidente do FC Porto foi al\u00e9m do aspeto desportivo. \u00abSomos muito mais do que profissionais de futebol, somos amigos de alma e cora\u00e7\u00e3o e as nossas fam\u00edlias tamb\u00e9m. E deixas uma enorme saudade em mim cada vez que falo em ti. Parab\u00e9ns por este feito. Parab\u00e9ns por todos os teus golos, pelo que representas, por continuares a inspirar tantos jovens atletas com a tua carreira, a marcarem golos como tu\u00bb, acrescenta o presidente do FC Porto.<\/p>\n<p>Uma mensagem que deixou Hulk emocionado. \u00abM\u00edster, presidente&#8230; \u00c9 um amigo. No futebol, temos a oportunidade e o privil\u00e9gio de criar uma amizade que se estica para al\u00e9m das quatro linhas. Villas-Boas \u00e9 um amigo que tenho fora do futebol, falamos muito, tor\u00e7o para que fa\u00e7a um grande trabalho no nosso FC Porto, \u00e9 muito querido l\u00e1. Est\u00e1 a exercer com muito amor esse novo cargo de presidente do FC Porto\u00bb, refere.<\/p>\n<p><img decoding=\"async\" alt=\"\" src=\"https:\/\/www.europesays.com\/pt\/wp-content\/uploads\/2025\/11\/13362511.webp\"\/><\/p>\n<p>O internacional brasileiro destaca ainda a import\u00e2ncia de Villas-Boas na sua carreira. \u00abFoi muito importante para a minha carreira e eu para a dele. Ele tinha trinta e poucos anos e conseguimos conquistar t\u00edtulos importantes, criou-se uma amizade espetacular. Tem o meu total respeito e carinho\u00bb, acrescentou.<\/p>\n<p><strong>Oi\u00e7a aqui a mensagem de Andr\u00e9 Villas-Boas a partir do minuto 11:<\/strong><\/p>\n","protected":false},"excerpt":{"rendered":"Hulk atingiu a marca redonda dos 500 golos na carreira ao servi\u00e7o do Atl\u00e9tico Mineiro e foi alvo&hellip;\n","protected":false},"author":2,"featured_media":150106,"comment_status":"","ping_status":"","sticky":false,"template":"","format":"standard","meta":{"footnotes":""},"categories":[87],"tags":[31432,3073,727,135,282,24740,36,46,32,33,47,32689,134,3042,4496],"class_list":{"0":"post-150105","1":"post","2":"type-post","3":"status-publish","4":"format-standard","5":"has-post-thumbnail","7":"category-desporto","8":"tag-500-golos","9":"tag-andre-villas-boas","10":"tag-atletico-mineiro","11":"tag-desporto","12":"tag-fc-porto","13":"tag-hulk","14":"tag-liga","15":"tag-maisfutebol","16":"tag-portugal","17":"tag-pt","18":"tag-pura-paixao","19":"tag-shangai-sigp","20":"tag-sports","21":"tag-villas-boas","22":"tag-zenit"},"share_on_mastodon":{"url":"https:\/\/pubeurope.com\/@pt\/115539959318806066","error":""},"_links":{"self":[{"href":"https:\/\/www.europesays.com\/pt\/wp-json\/wp\/v2\/posts\/150105","targetHints":{"allow":["GET"]}}],"collection":[{"href":"https:\/\/www.europesays.com\/pt\/wp-json\/wp\/v2\/posts"}],"about":[{"href":"https:\/\/www.europesays.com\/pt\/wp-json\/wp\/v2\/types\/post"}],"author":[{"embeddable":true,"href":"https:\/\/www.europesays.com\/pt\/wp-json\/wp\/v2\/users\/2"}],"replies":[{"embeddable":true,"href":"https:\/\/www.europesays.com\/pt\/wp-json\/wp\/v2\/comments?post=150105"}],"version-history":[{"count":0,"href":"https:\/\/www.europesays.com\/pt\/wp-json\/wp\/v2\/posts\/150105\/revisions"}],"wp:featuredmedia":[{"embeddable":true,"href":"https:\/\/www.europesays.com\/pt\/wp-json\/wp\/v2\/media\/150106"}],"wp:attachment":[{"href":"https:\/\/www.europesays.com\/pt\/wp-json\/wp\/v2\/media?parent=150105"}],"wp:term":[{"taxonomy":"category","embeddable":true,"href":"https:\/\/www.europesays.com\/pt\/wp-json\/wp\/v2\/categories?post=150105"},{"taxonomy":"post_tag","embeddable":true,"href":"https:\/\/www.europesays.com\/pt\/wp-json\/wp\/v2\/tags?post=150105"}],"curies":[{"name":"wp","href":"https:\/\/api.w.org\/{rel}","templated":true}]}}