{"id":150107,"date":"2025-11-13T02:13:24","date_gmt":"2025-11-13T02:13:24","guid":{"rendered":"https:\/\/www.europesays.com\/pt\/150107\/"},"modified":"2025-11-13T02:13:24","modified_gmt":"2025-11-13T02:13:24","slug":"alarido-por-10-centimos-ou-prova-de-vontade-negocial-governo-vai-propor-aumento-do-subsidio-de-refeicao-na-funcao-publica-ja-em-2026-observador","status":"publish","type":"post","link":"https:\/\/www.europesays.com\/pt\/150107\/","title":{"rendered":"&quot;Alarido&quot; por 10 c\u00eantimos ou prova de &quot;vontade negocial&quot;? Governo vai propor aumento do subs\u00eddio de refei\u00e7\u00e3o na Fun\u00e7\u00e3o P\u00fablica j\u00e1 em 2026 &#8211; Observador"},"content":{"rendered":"<ol>\n<li><a href=\"https:\/\/news.google.com\/rss\/articles\/CBMi-gFBVV95cUxOeklzSG91UGgwTl8tTmdBWHg3N1pSQzBPc3V2UmxmUGF0V3ZXSlBKYVk1QjlkYnNIaHlkNVhwQVRpd3BtNkNIblpKM3pMX19HVGxnMFU0Y2VYYzBxX3p3SnJnRDB4S3lNZTF4R2NOQnl6NVZBVTM4TGd6Y2sxZExYczlULXFZTHk2aXNPVmp1bzFfblRuTEUxMlM3amFmUFlvejZqbExHZXd3bEQ3ZFRmNTB2WEZfSjZPbVRMaVQ0Z01fbXhSbDNaMl92cktMNk9XUEFoOGFNa0dwZklBSTBibG5Ja3gtVXlOU2xBUTJzTTl4R1RUZWNMeERR?oc=5\" target=\"_blank\" rel=\"nofollow noopener\">&#8220;Alarido&#8221; por 10 c\u00eantimos ou prova de &#8220;vontade negocial&#8221;? Governo vai propor aumento do subs\u00eddio de refei\u00e7\u00e3o na Fun\u00e7\u00e3o P\u00fablica j\u00e1 em 2026<\/a>&nbsp;&nbsp;Observador<\/li>\n<li><a href=\"https:\/\/news.google.com\/rss\/articles\/CBMi2AFBVV95cUxOTk5tSHowZU5CeDNiTXVPdHJZazBJRXJ5bG1oc0I1Q1VuZlNsRDBjUlpGOW96UDhmX29zb2FLN0tpcGtaMVBsWFF4RF9BekZqSFRUUlFCS3V1cWxwaEQ0blZZa1dTWjZ3X0UtdE9vVGhWeHdXQUJ0bUZOaTd3a19qV3BmQmxxZDZCVUxOWEJpVHNZNDJiVTl5dlRSYjlxS0dGbkowTXNQYkpWNHNCNEpreHdwbk5FVTBGRVNqVkIwWVAxdk1OU0FBTHFaZW83Znpmbm1mRGRTQVQ?oc=5\" target=\"_blank\" rel=\"nofollow noopener\">Governo vai propor aumento do subs\u00eddio de refei\u00e7\u00e3o em 2026, mas n\u00e3o adianta valores<\/a>&nbsp;&nbsp;Jornal de Neg\u00f3cios<\/li>\n<li><a href=\"https:\/\/news.google.com\/rss\/articles\/CBMipwFBVV95cUxQWWZCQy1qbFlpUzFFX1RsSlZpa0hNLUZfYUEydjZtQUxNNW1Dc3hFeGJidy1sQm5zVnBaRGdVcXBrM2I0QzdrdHpHTWFwZHlVUi1mem0xcVItTnlFaExZN2hIT3Q2MmYxaUdSbVNKNmhHVTRjVzk1enZid2JYVlF2dmxEZVJFNWs5SkRfWlJnV29NOUlFamp3dld2Y3BvWHFtdEstZEhCWQ?oc=5\" target=\"_blank\" rel=\"nofollow noopener\">Governo quer rever carreiras de inspe\u00e7\u00e3o de jogos e da ACT<\/a>&nbsp;&nbsp;RTP<\/li>\n<li><a href=\"https:\/\/news.google.com\/rss\/articles\/CBMingFBVV95cUxNdW5PR0NTQmtEdmF2N1lJaWwyMDZjRUZIbkFFT2VibHY3aV9uRERGN3ZHeGtvQzZaejhZOTVOM3YyOXVOUEhacllEMmJjNXp2NzY0TlZ6bGpYUldfdXZkcFRaeXNLLU96blpsSWhJNkJOVlM3dDJLeDFSTThpN3J3bFF4OFVTMGFZUFVNVGZIUnNXc1pFSTVfaXBvbExfZw?oc=5\" target=\"_blank\" rel=\"nofollow noopener\">Frente Comum diz que o Governo \u201cest\u00e1 a comprar conflito social\u201d<\/a>&nbsp;&nbsp;Esquerda.net<\/li>\n<li><a href=\"https:\/\/news.google.com\/rss\/articles\/CBMi0gFBVV95cUxOMW9oZVFXeHZkZ2RHTncyLVowZHlHT3VFenowUUNiWndrWWk3NGkzSzNMOU0wMzQxdUZ1SnZuZEZtSXdzbTRYWUxQcGtnUXVxcFc0R2EyWWpxNGgtckVkQmNNTnZPaUJuc21lLTZ6TGhORl9lb1Z3MW0xc29kODhDZTgtdVg0T0lMZFI4U1ZHWDJXRnhXclM4TmUwQUdva0ZacW9OSU1zcElxelBHNTBIWkhEOF9zMnlndjF3NjZJUFJxYlJ1Q0VHLWRXbV9zQmF2X2fSAcIBQVVfeXFMTnM1UnRaWDgyNEVDN2pzMWFsbWhlaUNKN3oxS0g3RC02Qk83NUhOR04zZHFLdmRHUlpTQ1NWRHZsOG9WeVQwU1I1TTJFb252cmFoZmd2aWE2eXdSdUU2Uld0UV9wR2NYY2pveldEOXhkNVVGeGlvMWN0UGRmaDZFczlzc3ZJWW9SaXpNbklNUTBsSFAxSFpzVF9XZktWZTRMVjExQURhbURxeGFVbWJvZDc0TUhIU20xOUNqTGMyUzFtVVE?oc=5\" target=\"_blank\" rel=\"nofollow noopener\">Sindicatos da Fun\u00e7\u00e3o P\u00fablica admitem aumentar contesta\u00e7\u00e3o caso Governo n\u00e3o aproxime posi\u00e7\u00f5es<\/a>&nbsp;&nbsp;TSF<\/li>\n<\/ol>\n","protected":false},"excerpt":{"rendered":"&#8220;Alarido&#8221; por 10 c\u00eantimos ou prova de &#8220;vontade negocial&#8221;? Governo vai propor aumento do subs\u00eddio de refei\u00e7\u00e3o na&hellip;\n","protected":false},"author":2,"featured_media":144952,"comment_status":"","ping_status":"","sticky":false,"template":"","format":"standard","meta":{"footnotes":""},"categories":[83],"tags":[88,89,90,32,33],"class_list":{"0":"post-150107","1":"post","2":"type-post","3":"status-publish","4":"format-standard","5":"has-post-thumbnail","7":"category-empresas","8":"tag-business","9":"tag-economy","10":"tag-empresas","11":"tag-portugal","12":"tag-pt"},"share_on_mastodon":{"url":"https:\/\/pubeurope.com\/@pt\/115539974990435411","error":""},"_links":{"self":[{"href":"https:\/\/www.europesays.com\/pt\/wp-json\/wp\/v2\/posts\/150107","targetHints":{"allow":["GET"]}}],"collection":[{"href":"https:\/\/www.europesays.com\/pt\/wp-json\/wp\/v2\/posts"}],"about":[{"href":"https:\/\/www.europesays.com\/pt\/wp-json\/wp\/v2\/types\/post"}],"author":[{"embeddable":true,"href":"https:\/\/www.europesays.com\/pt\/wp-json\/wp\/v2\/users\/2"}],"replies":[{"embeddable":true,"href":"https:\/\/www.europesays.com\/pt\/wp-json\/wp\/v2\/comments?post=150107"}],"version-history":[{"count":0,"href":"https:\/\/www.europesays.com\/pt\/wp-json\/wp\/v2\/posts\/150107\/revisions"}],"wp:featuredmedia":[{"embeddable":true,"href":"https:\/\/www.europesays.com\/pt\/wp-json\/wp\/v2\/media\/144952"}],"wp:attachment":[{"href":"https:\/\/www.europesays.com\/pt\/wp-json\/wp\/v2\/media?parent=150107"}],"wp:term":[{"taxonomy":"category","embeddable":true,"href":"https:\/\/www.europesays.com\/pt\/wp-json\/wp\/v2\/categories?post=150107"},{"taxonomy":"post_tag","embeddable":true,"href":"https:\/\/www.europesays.com\/pt\/wp-json\/wp\/v2\/tags?post=150107"}],"curies":[{"name":"wp","href":"https:\/\/api.w.org\/{rel}","templated":true}]}}