{"id":150112,"date":"2025-11-13T02:17:18","date_gmt":"2025-11-13T02:17:18","guid":{"rendered":"https:\/\/www.europesays.com\/pt\/150112\/"},"modified":"2025-11-13T02:17:18","modified_gmt":"2025-11-13T02:17:18","slug":"tres-anos-apos-morte-do-filho-zulmira-garrido-sofre-nova-perda-e-dificil-colocar-em-palavras-o-que-estou-a-sentir","status":"publish","type":"post","link":"https:\/\/www.europesays.com\/pt\/150112\/","title":{"rendered":"Tr\u00eas anos ap\u00f3s morte do filho, Zulmira Garrido sofre nova perda: &#8220;\u00c9 dif\u00edcil colocar em palavras o que estou a sentir&#8221;"},"content":{"rendered":"<p>Tr\u00eas anos depois da morte do filho, <a href=\"https:\/\/selfie.iol.pt\/famosos\/zulmira-garrido\/em-dia-marcante-zulmira-garrido-deixa-mensagem-enigmatica-vou-ser-obrigada-a-tomar-uma-decisao-terrivel\/20251112\/69145debd34e2bd5c6d3e7fc\" target=\"_blank\" rel=\"nofollow noopener\">Zulmira Garrido<\/a>\u00a0revelou estar a passar por um novo processo de luto.\u00a0<\/p>\n<p>Depois de, na ter\u00e7a-feira, dia 11, <a href=\"https:\/\/selfie.iol.pt\/famosos\/zulmira-garrido\/zulmira-garrido-devastada-com-noticia-partiu-uma-grande-referencia\/20251022\/68f8fb0ad34e58bc6797305c\" target=\"_blank\" rel=\"nofollow noopener\">Zulmira Garrido<\/a> ter recordado a morte do filho e escrito uma mensagem enigm\u00e1tica, assumindo que estava a ser &#8220;obrigada a tomar uma decis\u00e3o terr\u00edvel&#8221;, agora a comentadora do programa &#8220;Passadeira Vermelha&#8221;, da SIC Caras, veio explicar que o c\u00e3o morreu.<\/p>\n<p>&#8220;Ontem, dia 11 de novembro, foi um dia muito complicado para mim. Fez tr\u00eas anos que o meu filho embarcou na sua \u00faltima viagem e, hoje, dia 12 de novembro, partiu o seu grande amigo&#8221;, contou numa publica\u00e7\u00e3o realizada no Instagram, na legenda de uma fotografia do amigo de quatro patas.<\/p>\n<p>&#8220;Eles s\u00e3o seres verdadeiramente \u00fanicos, s\u00e3o t\u00e3o especiais e puros, o que faz com que a sua partida seja ainda mais dolorosa. \u00c9 dif\u00edcil para mim colocar em palavras tudo o que estou a sentir neste momento. Mas espero que eles os dois se tenham encontrado l\u00e1 em cima e que, a mim, tamb\u00e9m me seja permitido isso um dia quando partir. N\u00e3o pe\u00e7o mais nada, apenas isso&#8221;, rematou <a href=\"https:\/\/selfie.iol.pt\/famosos\/zulmira-garrido\/arrepiante-zulmira-garrido-revela-unico-lugar-onde-encontra-paz-apos-morte-do-filho\/20250917\/68ca843ad34ee0c2fed02fe0\" target=\"_blank\" rel=\"nofollow noopener\">Zulmira Garrido<\/a>.<\/p>\n<p style=\"text-align:center\"><img loading=\"lazy\" decoding=\"async\" alt=\"\" height=\"889\" src=\"https:\/\/www.europesays.com\/pt\/wp-content\/uploads\/2025\/11\/6914ce53d34e3caad84b3743.webp\" width=\"500\"\/><\/p>\n<p>\u00a0<\/p>\n","protected":false},"excerpt":{"rendered":"Tr\u00eas anos depois da morte do filho, Zulmira Garrido\u00a0revelou estar a passar por um novo processo de luto.\u00a0&hellip;\n","protected":false},"author":2,"featured_media":150113,"comment_status":"","ping_status":"","sticky":false,"template":"","format":"standard","meta":{"footnotes":""},"categories":[145],"tags":[6941,211,210,114,115,980,1015,1339,619,32,33,1012,21556],"class_list":{"0":"post-150112","1":"post","2":"type-post","3":"status-publish","4":"format-standard","5":"has-post-thumbnail","7":"category-celebridades","8":"tag-cao","9":"tag-celebridades","10":"tag-celebrities","11":"tag-entertainment","12":"tag-entretenimento","13":"tag-famosos","14":"tag-instagram","15":"tag-luto","16":"tag-nacional","17":"tag-portugal","18":"tag-pt","19":"tag-selfie","20":"tag-zulmira-garrido"},"share_on_mastodon":{"url":"https:\/\/pubeurope.com\/@pt\/115539990692581939","error":""},"_links":{"self":[{"href":"https:\/\/www.europesays.com\/pt\/wp-json\/wp\/v2\/posts\/150112","targetHints":{"allow":["GET"]}}],"collection":[{"href":"https:\/\/www.europesays.com\/pt\/wp-json\/wp\/v2\/posts"}],"about":[{"href":"https:\/\/www.europesays.com\/pt\/wp-json\/wp\/v2\/types\/post"}],"author":[{"embeddable":true,"href":"https:\/\/www.europesays.com\/pt\/wp-json\/wp\/v2\/users\/2"}],"replies":[{"embeddable":true,"href":"https:\/\/www.europesays.com\/pt\/wp-json\/wp\/v2\/comments?post=150112"}],"version-history":[{"count":0,"href":"https:\/\/www.europesays.com\/pt\/wp-json\/wp\/v2\/posts\/150112\/revisions"}],"wp:featuredmedia":[{"embeddable":true,"href":"https:\/\/www.europesays.com\/pt\/wp-json\/wp\/v2\/media\/150113"}],"wp:attachment":[{"href":"https:\/\/www.europesays.com\/pt\/wp-json\/wp\/v2\/media?parent=150112"}],"wp:term":[{"taxonomy":"category","embeddable":true,"href":"https:\/\/www.europesays.com\/pt\/wp-json\/wp\/v2\/categories?post=150112"},{"taxonomy":"post_tag","embeddable":true,"href":"https:\/\/www.europesays.com\/pt\/wp-json\/wp\/v2\/tags?post=150112"}],"curies":[{"name":"wp","href":"https:\/\/api.w.org\/{rel}","templated":true}]}}