{"id":150114,"date":"2025-11-13T02:20:48","date_gmt":"2025-11-13T02:20:48","guid":{"rendered":"https:\/\/www.europesays.com\/pt\/150114\/"},"modified":"2025-11-13T02:20:48","modified_gmt":"2025-11-13T02:20:48","slug":"mae-de-pedro-jorge-reage-a-insultos-ao-concorrente-de-secret-story-sao-palavras-muito-fortes","status":"publish","type":"post","link":"https:\/\/www.europesays.com\/pt\/150114\/","title":{"rendered":"M\u00e3e de Pedro Jorge reage a insultos ao concorrente de &#8220;Secret Story&#8221;: &#8220;S\u00e3o palavras muito fortes&#8221;"},"content":{"rendered":"<p>A m\u00e3e de <a href=\"https:\/\/selfie.iol.pt\/famosos\/casa-dos-segredos-9\/secret-story-imparavel-apos-semana-tensa-amiga-de-pedro-jorge-e-marisa-lanca-apelo\/20251111\/6913942ad34e2bd5c6d3e4fc\" target=\"_blank\" rel=\"nofollow noopener\">Pedro Jorge<\/a>\u00a0esteve presente na mais recente gala da nona edi\u00e7\u00e3o de &#8220;Secret Story &#8211; Casa dos Segredos&#8221;. Nos bastidores,\u00a0Regina Geraldes acabou por falar com uma equipa de reportagem do programa &#8220;Extra&#8221;.<\/p>\n<p>Entre os assuntos abordados, a progenitora de Pedro Jorge reagiu aos insultos de que o filho foi alvo por parte de outros moradores da casa mais vigiada do Pa\u00eds: Bruna Basto considerou-o &#8220;cobarde&#8221; e &#8220;ordin\u00e1rio&#8221; e Ana Cristina Ferreira classificou-o de &#8220;asqueroso&#8221;.<\/p>\n<p>&#8220;S\u00e3o palavras muito fortes. Acredito que seja jogo e vou conseguir tolerar, porque est\u00e1 em jogo&#8221;, opinou Regina Geraldes, relativizando, assim, o que escutou no reality show da <a href=\"https:\/\/tvi.iol.pt\/\" target=\"_blank\" rel=\"nofollow noopener\">TVI<\/a>.<\/p>\n<p>Veja, agora, o v\u00eddeo com as declara\u00e7\u00f5es da m\u00e3e de <a href=\"https:\/\/selfie.iol.pt\/famosos\/casa-dos-segredos-9\/secret-story-mae-de-pedro-jorge-quer-ter-conversa-com-marisa-vamos-ter-de-por-pontos-nos-is\/20251111\/69137368d34e3caad84b2c3c\" target=\"_blank\" rel=\"nofollow noopener\">Pedro Jorge<\/a> \u00e0 margem da gala de &#8220;<a href=\"https:\/\/tvi.iol.pt\/secretstory\/\" target=\"_blank\" rel=\"nofollow noopener\">Secret Story<\/a> &#8211; Casa dos Segredos&#8221;.<\/p>\n","protected":false},"excerpt":{"rendered":"A m\u00e3e de Pedro Jorge\u00a0esteve presente na mais recente gala da nona edi\u00e7\u00e3o de &#8220;Secret Story &#8211; Casa&hellip;\n","protected":false},"author":2,"featured_media":150115,"comment_status":"","ping_status":"","sticky":false,"template":"","format":"standard","meta":{"footnotes":""},"categories":[142],"tags":[6340,19725,31505,1997,22807,2632,13471,6338,328,114,115,20987,980,8204,619,14646,21416,32,33,1014,31228,31658,1315,6985,16687,16686,1012,6986,16688,151,162],"class_list":{"0":"post-150114","1":"post","2":"type-post","3":"status-publish","4":"format-standard","5":"has-post-thumbnail","7":"category-tv","8":"tag-ana","9":"tag-ana-cristina","10":"tag-ana-cristina-ferreira","11":"tag-bruna","12":"tag-bruna-basto","13":"tag-casa-dos-segredos","14":"tag-casa-dos-segredos-9","15":"tag-concorrente","16":"tag-concorrentes","17":"tag-entertainment","18":"tag-entretenimento","19":"tag-extra","20":"tag-famosos","21":"tag-mae","22":"tag-nacional","23":"tag-pedro","24":"tag-pedro-jorge","25":"tag-portugal","26":"tag-pt","27":"tag-reality-show","28":"tag-regina","29":"tag-regina-geraldes","30":"tag-secret-story","31":"tag-secret-story-casa-dos-segredos","32":"tag-secret-story-casa-dos-segredos-9","33":"tag-secret-story-9","34":"tag-selfie","35":"tag-ss","36":"tag-ss9","37":"tag-tv","38":"tag-tvi"},"share_on_mastodon":{"url":"https:\/\/pubeurope.com\/@pt\/115540006215805174","error":""},"_links":{"self":[{"href":"https:\/\/www.europesays.com\/pt\/wp-json\/wp\/v2\/posts\/150114","targetHints":{"allow":["GET"]}}],"collection":[{"href":"https:\/\/www.europesays.com\/pt\/wp-json\/wp\/v2\/posts"}],"about":[{"href":"https:\/\/www.europesays.com\/pt\/wp-json\/wp\/v2\/types\/post"}],"author":[{"embeddable":true,"href":"https:\/\/www.europesays.com\/pt\/wp-json\/wp\/v2\/users\/2"}],"replies":[{"embeddable":true,"href":"https:\/\/www.europesays.com\/pt\/wp-json\/wp\/v2\/comments?post=150114"}],"version-history":[{"count":0,"href":"https:\/\/www.europesays.com\/pt\/wp-json\/wp\/v2\/posts\/150114\/revisions"}],"wp:featuredmedia":[{"embeddable":true,"href":"https:\/\/www.europesays.com\/pt\/wp-json\/wp\/v2\/media\/150115"}],"wp:attachment":[{"href":"https:\/\/www.europesays.com\/pt\/wp-json\/wp\/v2\/media?parent=150114"}],"wp:term":[{"taxonomy":"category","embeddable":true,"href":"https:\/\/www.europesays.com\/pt\/wp-json\/wp\/v2\/categories?post=150114"},{"taxonomy":"post_tag","embeddable":true,"href":"https:\/\/www.europesays.com\/pt\/wp-json\/wp\/v2\/tags?post=150114"}],"curies":[{"name":"wp","href":"https:\/\/api.w.org\/{rel}","templated":true}]}}