{"id":150116,"date":"2025-11-13T02:23:18","date_gmt":"2025-11-13T02:23:18","guid":{"rendered":"https:\/\/www.europesays.com\/pt\/150116\/"},"modified":"2025-11-13T02:23:18","modified_gmt":"2025-11-13T02:23:18","slug":"oficial-rob-edwards-deixa-middlesbrough-e-regressa-aos-wolves","status":"publish","type":"post","link":"https:\/\/www.europesays.com\/pt\/150116\/","title":{"rendered":"OFICIAL: Rob Edwards deixa Middlesbrough e regressa aos Wolves"},"content":{"rendered":"<p style=\"margin-bottom:11px\">Rob Edwards, de 42 anos, \u00e9 o sucessor de V\u00edtor Pereira no comando t\u00e9cnico dos Wolves, <a href=\"https:\/\/maisfutebol.iol.pt\/resultadoseclassificacoes\/107\/Inglaterra\/Premier-League\" rel=\"nofollow noopener\" target=\"_blank\">20.\u00ba e \u00faltimos classificados da Premier League, com dois pontos<\/a>. A contrata\u00e7\u00e3o demorou a ser oficializada, uma vez que o Middlesbrough \u2013 segundo no Championship \u2013 n\u00e3o pretendia prescindir do treinador ingl\u00eas. Para alcan\u00e7arem o objetivo, os Wolves v\u00e3o pagar uma compensa\u00e7\u00e3o de 3 milh\u00f5es de libras. Quanto ao novo timoneiro, assinou at\u00e9 junho de 2029.<\/p>\n<p>Antigo internacional pelo Pa\u00eds de Gales, Edwards \u2013 outrora defesa central \u2013 fez 111 jogos pelos Wolves entre 2004 e 2008. Enquanto treinador, orientou as equipas principais de Watford, Luton Town e Middlesbrough.<\/p>\n<p>Ao cabo de 11 jornadas, os Wolves est\u00e3o a oito pontos de zona segura. Segue-se a rece\u00e7\u00e3o ao Crystal Palace (10.\u00ba), a 22 de novembro.<\/p>\n<blockquote class=\"twitter-tweet\">\n<p lang=\"en\">Welcome back, Rob Edwards \ud83d\udc3a<\/p>\n<p>\ud83d\uddde\ufe0f <a href=\"https:\/\/t.co\/wev3xlkSk0\" rel=\"nofollow\">https:\/\/t.co\/wev3xlkSk0<\/a> <a href=\"https:\/\/t.co\/ayefCHi64R\" rel=\"nofollow\">pic.twitter.com\/ayefCHi64R<\/a><\/p>\n<p> \u2014 Wolves (@Wolves)<br \/>\n  <a href=\"https:\/\/twitter.com\/Wolves\/status\/1988610567955968444?ref_src=twsrc%5Etfw\" rel=\"nofollow noopener\" target=\"_blank\">November 12, 2025<\/a>\n <\/p><\/blockquote>\n<p>                                <script async src=\"https:\/\/platform.twitter.com\/widgets.js\" charset=\"utf-8\"><\/script><\/p>\n","protected":false},"excerpt":{"rendered":"Rob Edwards, de 42 anos, \u00e9 o sucessor de V\u00edtor Pereira no comando t\u00e9cnico dos Wolves, 20.\u00ba e&hellip;\n","protected":false},"author":2,"featured_media":150117,"comment_status":"","ping_status":"","sticky":false,"template":"","format":"standard","meta":{"footnotes":""},"categories":[87],"tags":[135,665,82,46,40,42,41,4097,729,32,666,33,47,31802,134,35,4157,4159],"class_list":{"0":"post-150116","1":"post","2":"type-post","3":"status-publish","4":"format-standard","5":"has-post-thumbnail","7":"category-desporto","8":"tag-desporto","9":"tag-inglaterra","10":"tag-internacional","11":"tag-maisfutebol","12":"tag-maistransferencias","13":"tag-mercado","14":"tag-mercado-de-transferencias","15":"tag-middlesbrough","16":"tag-oficial","17":"tag-portugal","18":"tag-premier-league","19":"tag-pt","20":"tag-pura-paixao","21":"tag-rob-edwards","22":"tag-sports","23":"tag-transferencias","24":"tag-wolverhampton","25":"tag-wolves"},"share_on_mastodon":{"url":"https:\/\/pubeurope.com\/@pt\/115540014026498581","error":""},"_links":{"self":[{"href":"https:\/\/www.europesays.com\/pt\/wp-json\/wp\/v2\/posts\/150116","targetHints":{"allow":["GET"]}}],"collection":[{"href":"https:\/\/www.europesays.com\/pt\/wp-json\/wp\/v2\/posts"}],"about":[{"href":"https:\/\/www.europesays.com\/pt\/wp-json\/wp\/v2\/types\/post"}],"author":[{"embeddable":true,"href":"https:\/\/www.europesays.com\/pt\/wp-json\/wp\/v2\/users\/2"}],"replies":[{"embeddable":true,"href":"https:\/\/www.europesays.com\/pt\/wp-json\/wp\/v2\/comments?post=150116"}],"version-history":[{"count":0,"href":"https:\/\/www.europesays.com\/pt\/wp-json\/wp\/v2\/posts\/150116\/revisions"}],"wp:featuredmedia":[{"embeddable":true,"href":"https:\/\/www.europesays.com\/pt\/wp-json\/wp\/v2\/media\/150117"}],"wp:attachment":[{"href":"https:\/\/www.europesays.com\/pt\/wp-json\/wp\/v2\/media?parent=150116"}],"wp:term":[{"taxonomy":"category","embeddable":true,"href":"https:\/\/www.europesays.com\/pt\/wp-json\/wp\/v2\/categories?post=150116"},{"taxonomy":"post_tag","embeddable":true,"href":"https:\/\/www.europesays.com\/pt\/wp-json\/wp\/v2\/tags?post=150116"}],"curies":[{"name":"wp","href":"https:\/\/api.w.org\/{rel}","templated":true}]}}