{"id":150118,"date":"2025-11-13T02:27:18","date_gmt":"2025-11-13T02:27:18","guid":{"rendered":"https:\/\/www.europesays.com\/pt\/150118\/"},"modified":"2025-11-13T02:27:18","modified_gmt":"2025-11-13T02:27:18","slug":"ryanair-lanca-promocao-relampago-para-mais-de-10-destinos-com-precos-desde-15e-nit","status":"publish","type":"post","link":"https:\/\/www.europesays.com\/pt\/150118\/","title":{"rendered":"Ryanair lan\u00e7a promo\u00e7\u00e3o rel\u00e2mpago para mais de 10 destinos com pre\u00e7os desde 15\u20ac \u2014 NiT"},"content":{"rendered":"<p>A companhia a\u00e9rea Ryanair lan\u00e7ou esta quarta-feira, 12 de novembro, uma nova promo\u00e7\u00e3o rel\u00e2mpago para quem est\u00e1 a pensar em escapadinhas nos meses de novembro e dezembro. A campanha, que oferece at\u00e9 15 por cento de desconto, diz respeito a viagens para mais de 10 destinos.<\/p>\n<p>Existem op\u00e7\u00f5es desde 15\u20ac, por exemplo, no final do m\u00eas de novembro para M\u00e1laga, Espanha. Entre os destinos com desconto, encontra ainda Paris (Fran\u00e7a), Roma (It\u00e1lia), Crac\u00f3via (Pol\u00f3nia), Viena (\u00c1ustria), Budapeste (Hungria), Eindhoven (Pa\u00edses Baixos), entre outros.<\/p>\n<p>No entanto, as reservas s\u00f3 podem ser efetuadas at\u00e9 esta quinta-feira, 13 de novembro, e as viagens poder\u00e3o ser realizadas entre 14 de novembro e 18 de dezembro. \u00c9 a altura ideal para conhecer os v\u00e1rios <a href=\"https:\/\/www.nit.pt\/fora-de-casa\/viagens\/12-cidades-europeias-com-mercados-de-natal-incriveis-para-visitar-este-ano\" target=\"_blank\" rel=\"noopener nofollow\">mercados<\/a> de Natal que j\u00e1 est\u00e3o a decorrer por toda a Europa.<\/p>\n<p>Por outro lado, se quiser fugir da confus\u00e3o natal\u00edcia, tamb\u00e9m h\u00e1 op\u00e7\u00f5es. Pode viajar para Marraquexe, em Marrocos, e conhecer as melhores mesquitas, pal\u00e1cios e jardins da cidade. Os bilhetes com promo\u00e7\u00e3o podem ser comprados no <a href=\"https:\/\/www.ryanair.com\/pt\/pt\" target=\"_blank\" rel=\"noopener nofollow\">site<\/a> da companhia a\u00e9rea low cost.<\/p>\n<p>Carregue na galeria para conhecer alguns mercados de Natal que est\u00e3o a decorrer no continente europeu at\u00e9 ao final do ano.\u00a0<\/p>\n","protected":false},"excerpt":{"rendered":"A companhia a\u00e9rea Ryanair lan\u00e7ou esta quarta-feira, 12 de novembro, uma nova promo\u00e7\u00e3o rel\u00e2mpago para quem est\u00e1 a&hellip;\n","protected":false},"author":2,"featured_media":150119,"comment_status":"","ping_status":"","sticky":false,"template":"","format":"standard","meta":{"footnotes":""},"categories":[83],"tags":[88,89,90,32,33],"class_list":{"0":"post-150118","1":"post","2":"type-post","3":"status-publish","4":"format-standard","5":"has-post-thumbnail","7":"category-empresas","8":"tag-business","9":"tag-economy","10":"tag-empresas","11":"tag-portugal","12":"tag-pt"},"share_on_mastodon":{"url":"https:\/\/pubeurope.com\/@pt\/115540029890228346","error":""},"_links":{"self":[{"href":"https:\/\/www.europesays.com\/pt\/wp-json\/wp\/v2\/posts\/150118","targetHints":{"allow":["GET"]}}],"collection":[{"href":"https:\/\/www.europesays.com\/pt\/wp-json\/wp\/v2\/posts"}],"about":[{"href":"https:\/\/www.europesays.com\/pt\/wp-json\/wp\/v2\/types\/post"}],"author":[{"embeddable":true,"href":"https:\/\/www.europesays.com\/pt\/wp-json\/wp\/v2\/users\/2"}],"replies":[{"embeddable":true,"href":"https:\/\/www.europesays.com\/pt\/wp-json\/wp\/v2\/comments?post=150118"}],"version-history":[{"count":0,"href":"https:\/\/www.europesays.com\/pt\/wp-json\/wp\/v2\/posts\/150118\/revisions"}],"wp:featuredmedia":[{"embeddable":true,"href":"https:\/\/www.europesays.com\/pt\/wp-json\/wp\/v2\/media\/150119"}],"wp:attachment":[{"href":"https:\/\/www.europesays.com\/pt\/wp-json\/wp\/v2\/media?parent=150118"}],"wp:term":[{"taxonomy":"category","embeddable":true,"href":"https:\/\/www.europesays.com\/pt\/wp-json\/wp\/v2\/categories?post=150118"},{"taxonomy":"post_tag","embeddable":true,"href":"https:\/\/www.europesays.com\/pt\/wp-json\/wp\/v2\/tags?post=150118"}],"curies":[{"name":"wp","href":"https:\/\/api.w.org\/{rel}","templated":true}]}}