{"id":150120,"date":"2025-11-13T02:28:12","date_gmt":"2025-11-13T02:28:12","guid":{"rendered":"https:\/\/www.europesays.com\/pt\/150120\/"},"modified":"2025-11-13T02:28:12","modified_gmt":"2025-11-13T02:28:12","slug":"uma-nuvem-de-fumo-a-1-400-quilometros-da-linha-da-frente-ucrania-lanca-um-dos-ataques-mais-profundos-na-russia","status":"publish","type":"post","link":"https:\/\/www.europesays.com\/pt\/150120\/","title":{"rendered":"Uma nuvem de fumo a 1.400 quil\u00f3metros da linha da frente. Ucr\u00e2nia lan\u00e7a um dos ataques mais profundos na R\u00fassia"},"content":{"rendered":"<p>\t                Imagens geolocalizadas mostram nuvem de fumo sobre a refinaria de Orsknefteorgsintez e um drone a sobrevoar a \u00e1rea antes do ataque<\/p>\n<p>Um ataque com drones ucranianos provocou um inc\u00eandio de grandes dimens\u00f5es na refinaria de petr\u00f3leo de Orsknefteorgsintez, em Orsk, na regi\u00e3o russa de Orenburg, a mais de 1.400 quil\u00f3metros da linha da frente na Ucr\u00e2nia.<\/p>\n<p>As for\u00e7as ucranianas confirmaram o ataque, que ocorreu na segunda-feira, justificando-o\u00a0como parte dos seus esfor\u00e7os para interromper o abastecimento de combust\u00edvel para o ex\u00e9rcito russo.<\/p>\n<p>Com o alvo a 1.400 quil\u00f3metros da linha da frente, muito perto da fronteira com o Cazaquist\u00e3o, este \u00e9 um dos ataques ucranianos mais profundos dentro do territ\u00f3rio russo, segundo os analistas, atingindo infraestruturas energ\u00e9ticas essenciais para o esfor\u00e7o de guerra do Kremlin.<\/p>\n<p>A Ucr\u00e2nia tem vindo a intensificar os ataques com drones contra refinarias e dep\u00f3sitos de combust\u00edvel que abastecem as for\u00e7as russas e sustentam as exporta\u00e7\u00f5es de petr\u00f3leo russo, uma das principais fonte de receitas do Kremlin.<\/p>\n<p>A refinaria Orsknefteorgsintez, que produz mais de 30 tipos de produtos petrol\u00edferos, incluindo gasolina, gas\u00f3leo, combust\u00edvel para avi\u00f5es e lubrificantes e tem uma capacidade anual de 6,6 milh\u00f5es de toneladas, \u00e9 uma das fontes de abastecimento das for\u00e7as russas.<\/p>\n<p>Imagens geolocalizadas mostram uma nuvem de fumo sobre a refinaria. Segundo o Instituto para o Estudo da Guerra, h\u00e1 imagens que mostram um drone a sobrevoar a \u00e1rea antes do ataque.<\/p>\n<blockquote class=\"twitter-tweet\">\n<p lang=\"en\">Fire reported at the Orsk oil refinery in Russia<\/p>\n<p>Reports claim it was caused by a drone attack. The facility is located in Orenburg Oblast next to Kazakhstan, more than 1400 km from the war zone in Ukraine.<br \/>\ud83d\udcf9 Exilenova+ <a href=\"https:\/\/t.co\/bQvgfX04sy\" rel=\"nofollow\">pic.twitter.com\/bQvgfX04sy<\/a><\/p>\n<p> \u2014 Euromaidan Press (@EuromaidanPress) <a href=\"https:\/\/twitter.com\/EuromaidanPress\/status\/1988201682816348667?ref_src=twsrc%5Etfw\" rel=\"nofollow noopener\" target=\"_blank\">November 11, 2025<\/a>\n<\/p><\/blockquote>\n<p>\t            <script async src=\"https:\/\/platform.twitter.com\/widgets.js\" charset=\"utf-8\"><\/script><\/p>\n","protected":false},"excerpt":{"rendered":"Imagens geolocalizadas mostram nuvem de fumo sobre a refinaria de Orsknefteorgsintez e um drone a sobrevoar a \u00e1rea&hellip;\n","protected":false},"author":2,"featured_media":150121,"comment_status":"","ping_status":"","sticky":false,"template":"","format":"standard","meta":{"footnotes":""},"categories":[50],"tags":[609,836,611,27,28,607,608,333,832,604,135,610,476,15,16,301,830,889,14,603,25,26,570,21,22,831,833,62,834,12,13,19,20,835,32690,602,52,32,23,24,839,17,18,840,29,30,31,63,64,65],"class_list":{"0":"post-150120","1":"post","2":"type-post","3":"status-publish","4":"format-standard","5":"has-post-thumbnail","7":"category-mundo","8":"tag-alerta","9":"tag-analise","10":"tag-ao-minuto","11":"tag-breaking-news","12":"tag-breakingnews","13":"tag-cnn","14":"tag-cnn-portugal","15":"tag-comentadores","16":"tag-costa","17":"tag-crime","18":"tag-desporto","19":"tag-direto","20":"tag-economia","21":"tag-featured-news","22":"tag-featurednews","23":"tag-governo","24":"tag-guerra","25":"tag-guerra-na-ucrania","26":"tag-headlines","27":"tag-justica","28":"tag-latest-news","29":"tag-latestnews","30":"tag-live","31":"tag-main-news","32":"tag-mainnews","33":"tag-mais-vistas","34":"tag-marcelo","35":"tag-mundo","36":"tag-negocios","37":"tag-news","38":"tag-noticias","39":"tag-noticias-principais","40":"tag-noticiasprincipais","41":"tag-opiniao","42":"tag-orsknefteorgsintez","43":"tag-pais","44":"tag-politica","45":"tag-portugal","46":"tag-principais-noticias","47":"tag-principaisnoticias","48":"tag-russia","49":"tag-top-stories","50":"tag-topstories","51":"tag-ucrania","52":"tag-ultimas","53":"tag-ultimas-noticias","54":"tag-ultimasnoticias","55":"tag-world","56":"tag-world-news","57":"tag-worldnews"},"share_on_mastodon":{"url":"","error":"Validation failed: Text character limit of 500 exceeded"},"_links":{"self":[{"href":"https:\/\/www.europesays.com\/pt\/wp-json\/wp\/v2\/posts\/150120","targetHints":{"allow":["GET"]}}],"collection":[{"href":"https:\/\/www.europesays.com\/pt\/wp-json\/wp\/v2\/posts"}],"about":[{"href":"https:\/\/www.europesays.com\/pt\/wp-json\/wp\/v2\/types\/post"}],"author":[{"embeddable":true,"href":"https:\/\/www.europesays.com\/pt\/wp-json\/wp\/v2\/users\/2"}],"replies":[{"embeddable":true,"href":"https:\/\/www.europesays.com\/pt\/wp-json\/wp\/v2\/comments?post=150120"}],"version-history":[{"count":0,"href":"https:\/\/www.europesays.com\/pt\/wp-json\/wp\/v2\/posts\/150120\/revisions"}],"wp:featuredmedia":[{"embeddable":true,"href":"https:\/\/www.europesays.com\/pt\/wp-json\/wp\/v2\/media\/150121"}],"wp:attachment":[{"href":"https:\/\/www.europesays.com\/pt\/wp-json\/wp\/v2\/media?parent=150120"}],"wp:term":[{"taxonomy":"category","embeddable":true,"href":"https:\/\/www.europesays.com\/pt\/wp-json\/wp\/v2\/categories?post=150120"},{"taxonomy":"post_tag","embeddable":true,"href":"https:\/\/www.europesays.com\/pt\/wp-json\/wp\/v2\/tags?post=150120"}],"curies":[{"name":"wp","href":"https:\/\/api.w.org\/{rel}","templated":true}]}}