{"id":150124,"date":"2025-11-13T02:35:18","date_gmt":"2025-11-13T02:35:18","guid":{"rendered":"https:\/\/www.europesays.com\/pt\/150124\/"},"modified":"2025-11-13T02:35:18","modified_gmt":"2025-11-13T02:35:18","slug":"depois-de-desaparecimento-renata-reis-explica-ausencia-numa-partilha-preocupante-secret-story","status":"publish","type":"post","link":"https:\/\/www.europesays.com\/pt\/150124\/","title":{"rendered":"Depois de &#8220;desaparecimento&#8221;, Renata Reis explica aus\u00eancia numa partilha preocupante &#8211; Secret Story"},"content":{"rendered":"<p><strong>Renata Reis<\/strong>, conhecida pela participa\u00e7\u00e3o na oitava edi\u00e7\u00e3o do <a href=\"https:\/\/tvi.iol.pt\/secretstory\/\" target=\"_blank\" rel=\"nofollow noopener\">Secret Story \u2013 Casa dos Segredos<\/a>, quebrou o sil\u00eancio e explicou aos f\u00e3s o motivo da sua aus\u00eancia das redes sociais.<\/p>\n<p data-end=\"642\" data-start=\"435\">Atrav\u00e9s de uma story no Instagram, a ex-finalista do reality show partilhou uma fotografia em que surge com \u00f3culos de sol e escreveu: <strong>\u00abHoje vou estar mais desaparecida, porque estou doente\u00bb<\/strong>.<\/p>\n<p data-end=\"852\" data-start=\"644\">Renata adiantou ainda que chegou a sair de casa para tratar de alguns compromissos, mas rapidamente se arrependeu: <strong>\u00abSa\u00ed \u00e0 rua para fazer os trabalhos de casa e arrependi-me. Amanh\u00e3 voltarei nova\u00bb<\/strong>, garantiu.<\/p>\n<p data-end=\"1052\" data-is-last-node=\"\" data-is-only-node=\"\" data-start=\"854\">Apesar de estar temporariamente afastada, a jovem promete regressar em breve \u00e0 habitual partilha de conte\u00fados com os seguidores.<\/p>\n<p data-end=\"1052\" data-is-last-node=\"\" data-is-only-node=\"\" data-start=\"854\"><strong>Veja, agora, na galeria, algumas das melhores imagens de Renata Reis.<\/strong><\/p>\n<p><img loading=\"lazy\" decoding=\"async\" alt=\"\" height=\"886\" src=\"https:\/\/www.europesays.com\/pt\/wp-content\/uploads\/2025\/11\/69146ffed34e2bd5c6d3e969.webp\" width=\"500\"\/><\/p>\n<p data-end=\"1052\" data-is-last-node=\"\" data-is-only-node=\"\" data-start=\"854\">\u00a0<\/p>\n","protected":false},"excerpt":{"rendered":"Renata Reis, conhecida pela participa\u00e7\u00e3o na oitava edi\u00e7\u00e3o do Secret Story \u2013 Casa dos Segredos, quebrou o sil\u00eancio&hellip;\n","protected":false},"author":2,"featured_media":150125,"comment_status":"","ping_status":"","sticky":false,"template":"","format":"standard","meta":{"footnotes":""},"categories":[142],"tags":[18706,2632,114,115,18705,32,33,2115,1315,151,18704],"class_list":{"0":"post-150124","1":"post","2":"type-post","3":"status-publish","4":"format-standard","5":"has-post-thumbnail","7":"category-tv","8":"tag-bastidores-secret-story","9":"tag-casa-dos-segredos","10":"tag-entertainment","11":"tag-entretenimento","12":"tag-entrevistas-concorrentes-tvi","13":"tag-portugal","14":"tag-pt","15":"tag-renata-reis","16":"tag-secret-story","17":"tag-tv","18":"tag-vida-fora-da-casa"},"share_on_mastodon":{"url":"https:\/\/pubeurope.com\/@pt\/115540061478110177","error":""},"_links":{"self":[{"href":"https:\/\/www.europesays.com\/pt\/wp-json\/wp\/v2\/posts\/150124","targetHints":{"allow":["GET"]}}],"collection":[{"href":"https:\/\/www.europesays.com\/pt\/wp-json\/wp\/v2\/posts"}],"about":[{"href":"https:\/\/www.europesays.com\/pt\/wp-json\/wp\/v2\/types\/post"}],"author":[{"embeddable":true,"href":"https:\/\/www.europesays.com\/pt\/wp-json\/wp\/v2\/users\/2"}],"replies":[{"embeddable":true,"href":"https:\/\/www.europesays.com\/pt\/wp-json\/wp\/v2\/comments?post=150124"}],"version-history":[{"count":0,"href":"https:\/\/www.europesays.com\/pt\/wp-json\/wp\/v2\/posts\/150124\/revisions"}],"wp:featuredmedia":[{"embeddable":true,"href":"https:\/\/www.europesays.com\/pt\/wp-json\/wp\/v2\/media\/150125"}],"wp:attachment":[{"href":"https:\/\/www.europesays.com\/pt\/wp-json\/wp\/v2\/media?parent=150124"}],"wp:term":[{"taxonomy":"category","embeddable":true,"href":"https:\/\/www.europesays.com\/pt\/wp-json\/wp\/v2\/categories?post=150124"},{"taxonomy":"post_tag","embeddable":true,"href":"https:\/\/www.europesays.com\/pt\/wp-json\/wp\/v2\/tags?post=150124"}],"curies":[{"name":"wp","href":"https:\/\/api.w.org\/{rel}","templated":true}]}}